{"id":2996,"date":"2026-09-07T01:03:46","date_gmt":"2026-09-06T22:03:46","guid":{"rendered":"https:\/\/adaletdosyasi.com\/index.php\/gundem\/bakan-gurlek-ormanlarimizi-yakanlar-adaletten-kacamayacak\/"},"modified":"2026-09-07T01:03:46","modified_gmt":"2026-09-06T22:03:46","slug":"bakan-gurlek-ormanlarimizi-yakanlar-adaletten-kacamayacak","status":"publish","type":"post","link":"https:\/\/adaletdosyasi.com\/index.php\/gundem\/bakan-gurlek-ormanlarimizi-yakanlar-adaletten-kacamayacak\/","title":{"rendered":"Bakan G\u00fcrlek: Ormanlar\u0131m\u0131z\u0131 yakanlar adaletten ka\u00e7amayacak"},"content":{"rendered":"<p>Adalet Bakan\u0131 Ak\u0131n G\u00fcrlek, Ye\u015fil Vatan&#039;a kasteden veya ihmaliyle ormanlar\u0131n yanmas\u0131na sebep olan hi\u00e7 kimsenin yapt\u0131\u011f\u0131n\u0131n yan\u0131na k\u00e2r kalmayaca\u011f\u0131n\u0131 belirterek, &quot;1 Haziran 2026\u2019dan bug\u00fcne kadar ise 27 ilimizde meydana gelen 103 orman yang\u0131n\u0131na ili\u015fkin y\u00fcr\u00fct\u00fclen soru\u015fturmalarda 70 \u015f\u00fcpheli tespit edildi. Bu \u015f\u00fcphelilerden; 16\u2019s\u0131 tutukland\u0131&quot; dedi.<\/p>\n<p><strong>Kaynak:<\/strong> TRT Haber \u2014 <a href=\"https:\/\/www.trthaber.com\/haber\/gundem\/bakan-gurlek-ormanlarimizi-yakanlar-adaletten-kacamayacak-956048.html\" target=\"_blank\" rel=\"nofollow noopener\">Haberin devam\u0131n\u0131 \u00f6zg\u00fcn kayna\u011f\u0131nda oku<\/a><\/p>\n","protected":false},"excerpt":{"rendered":"<p>Adalet Bakan\u0131 Ak\u0131n G\u00fcrlek, Ye\u015fil Vatan&#8217;a kasteden veya ihmaliyle ormanlar\u0131n yanmas\u0131na sebep olan hi\u00e7 kimsenin yapt\u0131\u011f\u0131n\u0131n yan\u0131na k\u00e2r kalmayaca\u011f\u0131n\u0131 belirterek, &#8220;1 Haziran 2026\u2019dan bug\u00fcne kadar ise 27 ilimizde meydana gelen 103 orman\u2026<\/p>\n","protected":false},"author":0,"featured_media":2998,"comment_status":"closed","ping_status":"closed","sticky":false,"template":"","format":"standard","meta":{"footnotes":""},"categories":[15,2],"tags":[],"class_list":["post-2996","post","type-post","status-publish","format-standard","has-post-thumbnail","hentry","category-cevre","category-gundem"],"blocksy_meta":{"styles_descriptor":{"styles":{"desktop":"","tablet":"","mobile":""},"google_fonts":[],"version":7}},"_links":{"self":[{"href":"https:\/\/adaletdosyasi.com\/index.php\/wp-json\/wp\/v2\/posts\/2996","targetHints":{"allow":["GET"]}}],"collection":[{"href":"https:\/\/adaletdosyasi.com\/index.php\/wp-json\/wp\/v2\/posts"}],"about":[{"href":"https:\/\/adaletdosyasi.com\/index.php\/wp-json\/wp\/v2\/types\/post"}],"replies":[{"embeddable":true,"href":"https:\/\/adaletdosyasi.com\/index.php\/wp-json\/wp\/v2\/comments?post=2996"}],"version-history":[{"count":0,"href":"https:\/\/adaletdosyasi.com\/index.php\/wp-json\/wp\/v2\/posts\/2996\/revisions"}],"wp:featuredmedia":[{"embeddable":true,"href":"https:\/\/adaletdosyasi.com\/index.php\/wp-json\/wp\/v2\/media\/2998"}],"wp:attachment":[{"href":"https:\/\/adaletdosyasi.com\/index.php\/wp-json\/wp\/v2\/media?parent=2996"}],"wp:term":[{"taxonomy":"category","embeddable":true,"href":"https:\/\/adaletdosyasi.com\/index.php\/wp-json\/wp\/v2\/categories?post=2996"},{"taxonomy":"post_tag","embeddable":true,"href":"https:\/\/adaletdosyasi.com\/index.php\/wp-json\/wp\/v2\/tags?post=2996"}],"curies":[{"name":"wp","href":"https:\/\/api.w.org\/{rel}","templated":true}]}}