{"id":2987,"date":"2026-09-07T00:04:48","date_gmt":"2026-09-06T21:04:48","guid":{"rendered":"https:\/\/adaletdosyasi.com\/index.php\/gundem\/iletisim-baskani-duran-ovp-guclu-turkiye-icin-yol-haritasi-sunuyor\/"},"modified":"2026-09-07T00:04:48","modified_gmt":"2026-09-06T21:04:48","slug":"iletisim-baskani-duran-ovp-guclu-turkiye-icin-yol-haritasi-sunuyor","status":"publish","type":"post","link":"https:\/\/adaletdosyasi.com\/index.php\/gundem\/iletisim-baskani-duran-ovp-guclu-turkiye-icin-yol-haritasi-sunuyor\/","title":{"rendered":"\u0130leti\u015fim Ba\u015fkan\u0131 Duran: OVP g\u00fc\u00e7l\u00fc T\u00fcrkiye i\u00e7in yol haritas\u0131 sunuyor"},"content":{"rendered":"<p>\u0130leti\u015fim Ba\u015fkan\u0131 Burhanettin Duran, &quot;2027-2029 Orta Vadeli Program (OVP) ortak ak\u0131l ve isti\u015fare temelinde haz\u0131rlanan program, kapsay\u0131c\u0131 ve s\u00fcrd\u00fcr\u00fclebilir b\u00fcy\u00fcme ile kal\u0131c\u0131 bir sosyal refah anlay\u0131\u015f\u0131 i\u00e7in g\u00fc\u00e7l\u00fc bir yol haritas\u0131 sunuyor&quot; ifadelerini kulland\u0131.<\/p>\n<p><strong>Kaynak:<\/strong> TRT Haber \u2014 <a href=\"https:\/\/www.trthaber.com\/haber\/gundem\/iletisim-baskani-duran-ovp-guclu-turkiye-icin-yol-haritasi-sunuyor-956052.html\" target=\"_blank\" rel=\"nofollow noopener\">Haberin devam\u0131n\u0131 \u00f6zg\u00fcn kayna\u011f\u0131nda oku<\/a><\/p>\n","protected":false},"excerpt":{"rendered":"<p>\u0130leti\u015fim Ba\u015fkan\u0131 Burhanettin Duran, &#8220;2027-2029 Orta Vadeli Program (OVP) ortak ak\u0131l ve isti\u015fare temelinde haz\u0131rlanan program, kapsay\u0131c\u0131 ve s\u00fcrd\u00fcr\u00fclebilir b\u00fcy\u00fcme ile kal\u0131c\u0131 bir sosyal refah anlay\u0131\u015f\u0131 i\u00e7in g\u00fc\u00e7l\u00fc bir yol haritas\u0131 sunuyor&#8221;\u2026<\/p>\n","protected":false},"author":0,"featured_media":2989,"comment_status":"closed","ping_status":"closed","sticky":false,"template":"","format":"standard","meta":{"footnotes":""},"categories":[2],"tags":[],"class_list":["post-2987","post","type-post","status-publish","format-standard","has-post-thumbnail","hentry","category-gundem"],"blocksy_meta":{"styles_descriptor":{"styles":{"desktop":"","tablet":"","mobile":""},"google_fonts":[],"version":7}},"_links":{"self":[{"href":"https:\/\/adaletdosyasi.com\/index.php\/wp-json\/wp\/v2\/posts\/2987","targetHints":{"allow":["GET"]}}],"collection":[{"href":"https:\/\/adaletdosyasi.com\/index.php\/wp-json\/wp\/v2\/posts"}],"about":[{"href":"https:\/\/adaletdosyasi.com\/index.php\/wp-json\/wp\/v2\/types\/post"}],"replies":[{"embeddable":true,"href":"https:\/\/adaletdosyasi.com\/index.php\/wp-json\/wp\/v2\/comments?post=2987"}],"version-history":[{"count":0,"href":"https:\/\/adaletdosyasi.com\/index.php\/wp-json\/wp\/v2\/posts\/2987\/revisions"}],"wp:featuredmedia":[{"embeddable":true,"href":"https:\/\/adaletdosyasi.com\/index.php\/wp-json\/wp\/v2\/media\/2989"}],"wp:attachment":[{"href":"https:\/\/adaletdosyasi.com\/index.php\/wp-json\/wp\/v2\/media?parent=2987"}],"wp:term":[{"taxonomy":"category","embeddable":true,"href":"https:\/\/adaletdosyasi.com\/index.php\/wp-json\/wp\/v2\/categories?post=2987"},{"taxonomy":"post_tag","embeddable":true,"href":"https:\/\/adaletdosyasi.com\/index.php\/wp-json\/wp\/v2\/tags?post=2987"}],"curies":[{"name":"wp","href":"https:\/\/api.w.org\/{rel}","templated":true}]}}