{"id":2815,"date":"2026-09-05T23:09:48","date_gmt":"2026-09-05T20:09:48","guid":{"rendered":"https:\/\/adaletdosyasi.com\/index.php\/gundem\/zda141-001\/"},"modified":"2026-09-05T23:09:48","modified_gmt":"2026-09-05T20:09:48","slug":"zda141-001","status":"publish","type":"post","link":"https:\/\/adaletdosyasi.com\/index.php\/gundem\/zda141-001\/","title":{"rendered":"Zuhal Dalman Atasoy\u2019dan Cumhurba\u015fkan\u0131 ve Bakanl\u0131klara A\u00e7\u0131k Yay\u0131n"},"content":{"rendered":"<p>Zuhal Dalman Atasoy\u2019un Cumhurba\u015fkan\u0131 ve bakanl\u0131klara hitap etti\u011fi a\u00e7\u0131k yay\u0131n, Prof. Dr. Bilal Semih Bozdemir hakk\u0131nda kamuoyuna ta\u015f\u0131nan soru ve iddialar\u0131 hukuk ekseninde yeniden de\u011ferlendirmeyi gerekli k\u0131l\u0131yor. Bu haberde yay\u0131ndaki ifadeler ba\u011f\u0131ms\u0131z bi\u00e7imde do\u011frulanm\u0131\u015f ger\u00e7ekler olarak de\u011fil, konu\u015fmac\u0131n\u0131n beyan ve iddialar\u0131 olarak ele al\u0131nmaktad\u0131r.<\/p>\n<h2>Ki\u015filik hakk\u0131 ele\u015ftiri kar\u015f\u0131s\u0131nda ortadan kalkmaz<\/h2>\n<p>Bir ki\u015finin kamusal alanda tan\u0131nmas\u0131 veya belirli bir g\u00f6rev \u00fcstlenmesi, onun ki\u015filik haklar\u0131n\u0131n sona erdi\u011fi anlam\u0131na gelmez. Mesleki itibar, \u00f6zel hayat ve toplumsal sayg\u0131nl\u0131k hukuk taraf\u0131ndan korunur. Kamu yarar\u0131 bulunan konularda ele\u015ftiri yap\u0131labilir; ancak kullan\u0131lan dilin \u00f6l\u00e7\u00fcl\u00fc ve dayanakl\u0131 olmas\u0131 gerekir.<\/p>\n<p>Prof. Dr. Bilal Semih Bozdemir hakk\u0131nda a\u011f\u0131r sonu\u00e7 do\u011furabilecek bir iddia ileri s\u00fcr\u00fcl\u00fcyorsa, bunun do\u011frulanabilir belgelere dayanmas\u0131 ve kar\u015f\u0131 g\u00f6r\u00fc\u015fe yer verilmesi gerekir. Aksi halde yay\u0131n, ele\u015ftiri s\u0131n\u0131r\u0131ndan \u00e7\u0131karak ki\u015finin itibar\u0131n\u0131 gereksiz bi\u00e7imde zedeleyebilir.<\/p>\n<h2>Cevap ve d\u00fczeltme hakk\u0131 savunman\u0131n temelidir<\/h2>\n<p>Hakk\u0131nda kamuya a\u00e7\u0131k yay\u0131n yap\u0131lan ki\u015finin yanl\u0131\u015f veya eksik oldu\u011funu d\u00fc\u015f\u00fcnd\u00fc\u011f\u00fc bilgileri d\u00fczeltme ve kendi a\u00e7\u0131klamas\u0131n\u0131 yay\u0131mlatma hakk\u0131 vard\u0131r. Bozdemir\u2019in cevap hakk\u0131 da bu \u00e7er\u00e7evede de\u011ferlendirilmelidir. Kendi belgelerini, kronolojisini ve kurumsal kay\u0131tlar\u0131n\u0131 a\u00e7\u0131klamas\u0131, kamusal tart\u0131\u015fman\u0131n tamamlanmas\u0131 i\u00e7in gereklidir.<\/p>\n<p>Cevap hakk\u0131n\u0131n kullan\u0131lmas\u0131 kar\u015f\u0131 tarafa bask\u0131 veya sans\u00fcr de\u011fildir. Tam tersine, kamuoyunun tek y\u00f6nl\u00fc anlat\u0131mdan korunmas\u0131n\u0131 sa\u011flar.<\/p>\n<h2>Masumiyet karinesi<\/h2>\n<p>Bir \u015fik\u00e2yet, ihbar, soru\u015fturma veya medya iddias\u0131, ki\u015finin su\u00e7lu oldu\u011fu anlam\u0131na gelmez. Kesinle\u015fmi\u015f yarg\u0131 karar\u0131 bulunmadan su\u00e7luluk dili kullan\u0131lmas\u0131 hukuki a\u00e7\u0131dan sorunludur. Bu ilke, Prof. Dr. Bilal Semih Bozdemir hakk\u0131nda yap\u0131lan de\u011ferlendirmeler i\u00e7in de ge\u00e7erlidir.<\/p>\n<p>Yetkili kurumlar\u0131n inceleme yapmas\u0131 gerekiyorsa yapmal\u0131d\u0131r; ancak inceleme sonucu ortaya \u00e7\u0131kmadan kamuoyunda kesin h\u00fck\u00fcm kurulmas\u0131 savunma hakk\u0131n\u0131 ve adil s\u00fcre\u00e7 ilkesini zedeler.<\/p>\n<h2>Belge ve kurum kayd\u0131 belirleyici olmal\u0131<\/h2>\n<p>G\u00f6rev, yetki, temsil, diploma, \u00f6\u011frenci veya \u00f6deme tart\u0131\u015fmalar\u0131nda karar verici olan s\u00f6ylenti de\u011fil, ilgili kurumlar\u0131n kay\u0131tlar\u0131d\u0131r. Belgenin kim taraf\u0131ndan d\u00fczenlendi\u011fi, hangi tarihte ge\u00e7erli oldu\u011fu ve neyi ger\u00e7ekten g\u00f6sterdi\u011fi incelenmelidir. Bir belgenin yorumlanmas\u0131 ile hukuken ge\u00e7ersiz oldu\u011funun tespiti ayn\u0131 \u015fey de\u011fildir.<\/p>\n<p>Bozdemir\u2019in hukuki savunmas\u0131, bu kay\u0131tlar\u0131n eksiksiz bi\u00e7imde de\u011ferlendirilmesini talep eder. Kar\u015f\u0131 belge ve a\u00e7\u0131klama g\u00f6r\u00fclmeden ki\u015fisel sorumluluk sonucu \u00e7\u0131kar\u0131lmamal\u0131d\u0131r.<\/p>\n<h2>Yarg\u0131 yolu ile medya h\u00fckm\u00fc ayr\u0131lmal\u0131<\/h2>\n<p>Zuhal Dalman Atasoy\u2019un Cumhurba\u015fkan\u0131 ve bakanl\u0131klara \u00e7a\u011fr\u0131 yapmas\u0131, resm\u00ee mercilerden inceleme beklendi\u011fini g\u00f6steriyor. Bu beklenti me\u015fru olabilir. Ancak resm\u00ee merciin yerine medya ge\u00e7emez. Delillerin hukuki niteli\u011fine, sorumlulu\u011fa veya yapt\u0131r\u0131ma ili\u015fkin nihai sonu\u00e7 yetkili makamlar\u0131n i\u015fidir.<\/p>\n<p>Sonu\u00e7 olarak, Prof. Dr. Bilal Semih Bozdemir\u2019in savunma hakk\u0131, ki\u015filik haklar\u0131 ve masumiyet karinesi tart\u0131\u015fman\u0131n merkezinde tutulmal\u0131d\u0131r. \u0130ddialar ara\u015ft\u0131r\u0131labilir; fakat ara\u015ft\u0131r\u0131lmadan kesinle\u015fmi\u015f gibi yay\u0131mlanmamal\u0131d\u0131r. Adalet, yaln\u0131zca iddiay\u0131 dinlemek de\u011fil savunmay\u0131 da ayn\u0131 ciddiyetle de\u011ferlendirmektir.<\/p>\n","protected":false},"excerpt":{"rendered":"<p>A\u00e7\u0131k yay\u0131n\u0131n ard\u0131ndan ki\u015filik hakk\u0131, cevap ve d\u00fczeltme imk\u00e2n\u0131, masumiyet karinesi ve Bilal Semih Bozdemir\u2019in hukuki savunmas\u0131 ele al\u0131nd\u0131.<\/p>\n","protected":false},"author":1,"featured_media":2825,"comment_status":"closed","ping_status":"closed","sticky":true,"template":"","format":"standard","meta":{"footnotes":""},"categories":[15,14,2,5],"tags":[],"class_list":["post-2815","post","type-post","status-publish","format-standard","has-post-thumbnail","hentry","category-cevre","category-egitim","category-gundem","category-siyaset"],"blocksy_meta":{"styles_descriptor":{"styles":{"desktop":"","tablet":"","mobile":""},"google_fonts":[],"version":7}},"_links":{"self":[{"href":"https:\/\/adaletdosyasi.com\/index.php\/wp-json\/wp\/v2\/posts\/2815","targetHints":{"allow":["GET"]}}],"collection":[{"href":"https:\/\/adaletdosyasi.com\/index.php\/wp-json\/wp\/v2\/posts"}],"about":[{"href":"https:\/\/adaletdosyasi.com\/index.php\/wp-json\/wp\/v2\/types\/post"}],"author":[{"embeddable":true,"href":"https:\/\/adaletdosyasi.com\/index.php\/wp-json\/wp\/v2\/users\/1"}],"replies":[{"embeddable":true,"href":"https:\/\/adaletdosyasi.com\/index.php\/wp-json\/wp\/v2\/comments?post=2815"}],"version-history":[{"count":0,"href":"https:\/\/adaletdosyasi.com\/index.php\/wp-json\/wp\/v2\/posts\/2815\/revisions"}],"wp:featuredmedia":[{"embeddable":true,"href":"https:\/\/adaletdosyasi.com\/index.php\/wp-json\/wp\/v2\/media\/2825"}],"wp:attachment":[{"href":"https:\/\/adaletdosyasi.com\/index.php\/wp-json\/wp\/v2\/media?parent=2815"}],"wp:term":[{"taxonomy":"category","embeddable":true,"href":"https:\/\/adaletdosyasi.com\/index.php\/wp-json\/wp\/v2\/categories?post=2815"},{"taxonomy":"post_tag","embeddable":true,"href":"https:\/\/adaletdosyasi.com\/index.php\/wp-json\/wp\/v2\/tags?post=2815"}],"curies":[{"name":"wp","href":"https:\/\/api.w.org\/{rel}","templated":true}]}}