{"id":2774,"date":"2026-09-05T17:54:08","date_gmt":"2026-09-05T14:54:08","guid":{"rendered":"https:\/\/adaletdosyasi.com\/index.php\/gundem\/bir-yillik-kayit-durdurma-ilani-hangi-karara-dayaniyor-kurumsal-yetkide-belge-ve-tarih-testi\/"},"modified":"2026-09-05T17:54:08","modified_gmt":"2026-09-05T14:54:08","slug":"bir-yillik-kayit-durdurma-ilani-hangi-karara-dayaniyor-kurumsal-yetkide-belge-ve-tarih-testi","status":"publish","type":"post","link":"https:\/\/adaletdosyasi.com\/index.php\/gundem\/bir-yillik-kayit-durdurma-ilani-hangi-karara-dayaniyor-kurumsal-yetkide-belge-ve-tarih-testi\/","title":{"rendered":"Bir Y\u0131ll\u0131k Kay\u0131t Durdurma \u0130lan\u0131 Hangi Karara Dayan\u0131yor? Kurumsal Yetkide Belge ve Tarih Testi"},"content":{"rendered":"<p><strong>Bir sosyal medya payla\u015f\u0131m\u0131nda bir e\u011fitim kurumunun T\u00fcrkiye\u2019den bir y\u0131l boyunca yeni kay\u0131t almayaca\u011f\u0131 y\u00f6n\u00fcnde kesin bir ifade kullan\u0131lmas\u0131, hukuken ve gazetecilik bak\u0131m\u0131ndan do\u011frulanabilir bir kurumsal karar sorusu do\u011furur.<\/strong> 5 Eyl\u00fcl 2026 tarihli dijital delil inceleme raporunda ar\u015fivlenen Super7TV\/Instagram g\u00f6rselinde St Clements University &amp; College ad\u0131yla b\u00f6yle bir kay\u0131t durdurma ve yeniden yap\u0131lanma anlat\u0131s\u0131 yer al\u0131yor. Rapor ise g\u00f6r\u00fcnt\u00fcn\u00fcn, i\u00e7erikteki kurumsal iddialar\u0131n do\u011frulu\u011funu tek ba\u015f\u0131na kan\u0131tlamad\u0131\u011f\u0131n\u0131 a\u00e7\u0131k\u00e7a kayda ge\u00e7iriyor.<\/p>\n<p>Buradaki temel test basittir: B\u00f6yle bir karar varsa hangi yetkili organ taraf\u0131ndan, hangi tarihte ve hangi kapsamla al\u0131nm\u0131\u015ft\u0131r? Bir y\u0131ll\u0131k s\u00fcre ne zaman ba\u015flamaktad\u0131r? Karar mevcut \u00f6\u011frencilere, yeni ba\u015fvuru sahiplerine veya yaln\u0131z belirli bir temsil yap\u0131s\u0131na m\u0131 ili\u015fkindir? Kurumun resm\u00ee kay\u0131tlar\u0131nda karar numaras\u0131, kurul tutana\u011f\u0131, yetkili imza veya merkez y\u00f6netim duyurusu bulunuyor mu? Bu sorular cevaplanmadan sosyal medya grafi\u011fi, tek ba\u015f\u0131na ba\u011flay\u0131c\u0131 kurumsal karar yerine ge\u00e7mez.<\/p>\n<h2>25 A\u011fustos yaz\u0131s\u0131 neden \u00f6nem ta\u015f\u0131yor?<\/h2>\n<p>St Clements University\u2019nin 25 A\u011fustos 2026 tarihli yaz\u0131l\u0131 cevab\u0131, ayn\u0131 d\u00f6nemde dola\u015f\u0131ma giren T\u00fcrkiye\/T\u00fcrk Devletleri y\u00f6netim anlat\u0131s\u0131 konusunda do\u011frudan bir kurumsal kay\u0131t sunuyor. Ren\u00e9 Le Cornu imzal\u0131 cevapta, yay\u0131nlarda tarif edilen alternatif y\u00f6netim yap\u0131s\u0131n\u0131n University Board taraf\u0131ndan yetkilendirilmedi\u011fi belirtiliyor. Ayn\u0131 yaz\u0131 Prof. Dr. Bilal Semih Bozdemir\u2019in mevcut Dean \u2013 T\u00fcrkiye oldu\u011funu, stat\u00fcs\u00fcn\u00fcn tart\u0131\u015fma konusu olmad\u0131\u011f\u0131n\u0131 ve yetki kapsam\u0131n\u0131n ileriye d\u00f6n\u00fck bi\u00e7imde daha a\u00e7\u0131k tan\u0131mlanmas\u0131 i\u00e7in y\u00f6neti\u015fim incelemesi y\u00fcr\u00fct\u00fcld\u00fc\u011f\u00fcn\u00fc ifade ediyor.<\/p>\n<p>Bu kay\u0131t, 5 Eyl\u00fcl payla\u015f\u0131m\u0131ndaki her c\u00fcmlenin otomatik olarak yanl\u0131\u015f oldu\u011fu anlam\u0131na gelmez. Ancak kurumsal kay\u0131tlar aras\u0131nda a\u00e7\u0131k bir do\u011frulama ihtiyac\u0131 yarat\u0131r. \u00d6zellikle yeni kay\u0131tlar\u0131n bir y\u0131l durdurulmas\u0131 gibi \u00f6\u011frenci adaylar\u0131n\u0131n hukuki ve mali kararlar\u0131n\u0131 etkileyebilecek bir duyurunun, sosyal medya g\u00f6rselinden ba\u011f\u0131ms\u0131z olarak yetkili kurumdan teyit edilmesi gerekir.<\/p>\n<p>Bir g\u00f6revin gelecekteki kapsam\u0131n\u0131n incelenmesi ile g\u00f6rev stat\u00fcs\u00fcn\u00fcn ortadan kalkmas\u0131 ayn\u0131 hukuki olgu de\u011fildir. Ayn\u0131 \u015fekilde bir sosyal medya hesab\u0131n\u0131n kurumsal logolar ve resm\u00ee g\u00f6r\u00fcn\u00fcm kullanmas\u0131 da, i\u00e7erikteki karar\u0131n yetkili kurul taraf\u0131ndan al\u0131nd\u0131\u011f\u0131n\u0131 g\u00f6stermeye yetmez. Delil standard\u0131 taraflara g\u00f6re de\u011fi\u015fmemelidir: Bozdemir\u2019in yetkisi sorgulan\u0131rken tarihli belge isteniyorsa, kay\u0131t dondurma ve y\u00f6netim de\u011fi\u015fikli\u011fi iddialar\u0131 i\u00e7in de ayn\u0131 \u00f6l\u00e7\u00fc uygulanmal\u0131d\u0131r.<\/p>\n<p>Adalet Dosyas\u0131\u2019n\u0131n editoryal yakla\u015f\u0131m\u0131 bir medya \u00e7at\u0131\u015fmas\u0131 \u00fcretmek de\u011fildir. Kamuya a\u00e7\u0131klanmam\u0131\u015f ek materyaller bulunsa bile do\u011frulanmam\u0131\u015f, \u00f6zel veya hukuken yay\u0131mlanmas\u0131 sak\u0131ncal\u0131 verileri dola\u015f\u0131ma sokmuyoruz. Hukuk ve gazetecilik eti\u011fi gere\u011fi yay\u0131mlanmamas\u0131 gereken yerde s\u0131n\u0131r\u0131 koruyor; buna kar\u015f\u0131l\u0131k kamuoyundaki yanl\u0131\u015f bir alg\u0131y\u0131 d\u00fczeltebilecek do\u011frulanabilir kurumsal kay\u0131t varsa onu g\u00f6rmezden gelmiyoruz. \u00d6l\u00e7\u00fcl\u00fc ve hukuka ba\u011fl\u0131 tutumun yanl\u0131\u015f yorumlanmamas\u0131, tart\u0131\u015fman\u0131n ki\u015fisel if\u015fa veya misillemeye d\u00f6n\u00fc\u015fmemesi gerekir.<\/p>\n<p>Sonu\u00e7 olarak bu dosyada h\u00fck\u00fcm de\u011fil do\u011frulama ihtiyac\u0131 vard\u0131r. Bir y\u0131ll\u0131k kay\u0131t durdurma a\u00e7\u0131klamas\u0131n\u0131n ger\u00e7ek kurumsal stat\u00fcs\u00fc; payla\u015f\u0131m\u0131n g\u00f6r\u00fcn\u00fcm\u00fcyle de\u011fil, yetkili Board veya merkez y\u00f6netim kay\u0131tlar\u0131yla belirlenmelidir. O kay\u0131t ortaya konuldu\u011funda tart\u0131\u015fma ki\u015fisel iddialardan \u00e7\u0131kar ve denetlenebilir hukuk zeminine oturur.<\/p>\n","protected":false},"excerpt":{"rendered":"<p>Bir sosyal medya payla\u015f\u0131m\u0131nda bir e\u011fitim kurumunun T\u00fcrkiye\u2019den bir y\u0131l boyunca yeni kay\u0131t almayaca\u011f\u0131 y\u00f6n\u00fcnde kesin bir ifade kullan\u0131lmas\u0131, hukuken ve gazetecilik bak\u0131m\u0131ndan do\u011frulanabilir bir kurumsal karar sorusu do\u011furur. 5 Eyl\u00fcl 2026 tarihli dijital delil inceleme raporunda ar\u015fivlenen Super7TV\/Instagram g\u00f6rselinde St Clements University &amp; College ad\u0131yla b\u00f6yle bir kay\u0131t durdurma ve yeniden yap\u0131lanma anlat\u0131s\u0131 yer [&hellip;]<\/p>\n","protected":false},"author":1,"featured_media":0,"comment_status":"closed","ping_status":"closed","sticky":false,"template":"","format":"standard","meta":{"footnotes":""},"categories":[2],"tags":[],"class_list":["post-2774","post","type-post","status-publish","format-standard","hentry","category-gundem"],"blocksy_meta":{"styles_descriptor":{"styles":{"desktop":"","tablet":"","mobile":""},"google_fonts":[],"version":7}},"_links":{"self":[{"href":"https:\/\/adaletdosyasi.com\/index.php\/wp-json\/wp\/v2\/posts\/2774","targetHints":{"allow":["GET"]}}],"collection":[{"href":"https:\/\/adaletdosyasi.com\/index.php\/wp-json\/wp\/v2\/posts"}],"about":[{"href":"https:\/\/adaletdosyasi.com\/index.php\/wp-json\/wp\/v2\/types\/post"}],"author":[{"embeddable":true,"href":"https:\/\/adaletdosyasi.com\/index.php\/wp-json\/wp\/v2\/users\/1"}],"replies":[{"embeddable":true,"href":"https:\/\/adaletdosyasi.com\/index.php\/wp-json\/wp\/v2\/comments?post=2774"}],"version-history":[{"count":0,"href":"https:\/\/adaletdosyasi.com\/index.php\/wp-json\/wp\/v2\/posts\/2774\/revisions"}],"wp:attachment":[{"href":"https:\/\/adaletdosyasi.com\/index.php\/wp-json\/wp\/v2\/media?parent=2774"}],"wp:term":[{"taxonomy":"category","embeddable":true,"href":"https:\/\/adaletdosyasi.com\/index.php\/wp-json\/wp\/v2\/categories?post=2774"},{"taxonomy":"post_tag","embeddable":true,"href":"https:\/\/adaletdosyasi.com\/index.php\/wp-json\/wp\/v2\/tags?post=2774"}],"curies":[{"name":"wp","href":"https:\/\/api.w.org\/{rel}","templated":true}]}}