{"id":2773,"date":"2026-09-05T17:08:33","date_gmt":"2026-09-05T14:08:33","guid":{"rendered":"https:\/\/adaletdosyasi.com\/index.php\/gundem\/yetkisi-yok-cumlesi-bir-hukuki-sonuctur-dayanak-karar-ve-yururluk-tarihi-gosterilmeden-kesinlestirilemez\/"},"modified":"2026-09-05T17:08:33","modified_gmt":"2026-09-05T14:08:33","slug":"yetkisi-yok-cumlesi-bir-hukuki-sonuctur-dayanak-karar-ve-yururluk-tarihi-gosterilmeden-kesinlestirilemez","status":"publish","type":"post","link":"https:\/\/adaletdosyasi.com\/index.php\/gundem\/yetkisi-yok-cumlesi-bir-hukuki-sonuctur-dayanak-karar-ve-yururluk-tarihi-gosterilmeden-kesinlestirilemez\/","title":{"rendered":"\u2018Yetkisi Yok\u2019 C\u00fcmlesi Bir Hukuki Sonu\u00e7tur: Dayanak Karar ve Y\u00fcr\u00fcrl\u00fck Tarihi G\u00f6sterilmeden Kesinle\u015ftirilemez"},"content":{"rendered":"<p><strong>Prof. Dr. Bilal Semih Bozdemir hakk\u0131nda sosyal medyada aktar\u0131lan yetkisizlik ifadesi, hukuki ve kurumsal sonu\u00e7 do\u011furan somut bir olgu iddias\u0131d\u0131r. 5 Eyl\u00fcl 2026 tarihli dijital delil raporu, bu ifadenin bir ekran g\u00f6r\u00fcnt\u00fcs\u00fcnde g\u00f6r\u00fcld\u00fc\u011f\u00fcn\u00fc belgeliyor; ancak ayn\u0131 rapor iddian\u0131n do\u011frulu\u011funun, at\u0131f yap\u0131lan \u00f6nceki St Clements duyurusunun \u00f6zg\u00fcn n\u00fcshas\u0131 ve tarihli yetki kay\u0131tlar\u0131 incelenmeden belirlenemeyece\u011fini vurguluyor.<\/strong><\/p>\n<p>Bir kurumda yetkinin bulunmad\u0131\u011f\u0131 sonucuna ula\u015fmak i\u00e7in yaln\u0131zca ikincil bir a\u00e7\u0131klamaya dayanmak yeterli de\u011fildir. Yetkinin hangi i\u015flemle verildi\u011fi, kapsam\u0131n\u0131n ne oldu\u011fu ve sona erdirildi\u011fi ileri s\u00fcr\u00fcl\u00fcyorsa hangi yetkili organ\u0131n hangi tarihte a\u00e7\u0131k bir sona erdirme karar\u0131 ald\u0131\u011f\u0131 ortaya konmal\u0131d\u0131r. Bu zincir, iddian\u0131n ispat edilebilirli\u011fi bak\u0131m\u0131ndan temel \u00f6nemdedir.<\/p>\n<h2>\u0130spat y\u00fck\u00fc kesin c\u00fcmlenin a\u011f\u0131rl\u0131\u011f\u0131yla birlikte artar<\/h2>\n<p>Bir payla\u015f\u0131m, \u00f6nceki duyuruda b\u00f6yle denmi\u015fti diyebilir. Fakat bu aktar\u0131m\u0131n dayand\u0131\u011f\u0131 metin g\u00f6r\u00fclmeden ve yay\u0131mlayan makam\u0131n yetkisi do\u011frulanmadan, aktar\u0131m tek ba\u015f\u0131na nihai kurumsal karar yerine ge\u00e7mez. \u00dcstelik eski bir duyurunun daha sonraki atama veya yetki de\u011fi\u015fiklikleri kar\u015f\u0131s\u0131ndaki g\u00fcncelli\u011fi ayr\u0131ca de\u011ferlendirilmelidir.<\/p>\n<p>Delil raporunun \u00f6nerdi\u011fi y\u00f6ntem nettir: \u00f6nceki duyurunun tam metni ve tarihi bulunmal\u0131, Prof. Dr. Bozdemir\u2019e ait atama ve yetki belgeleriyle kar\u015f\u0131la\u015ft\u0131r\u0131lmal\u0131, varsa yetkinin sona erdirildi\u011fine ili\u015fkin a\u00e7\u0131k i\u015flem tespit edilmelidir. Bu yap\u0131lmadan kesin h\u00fck\u00fcm kurmak yerine iddiay\u0131 iddia olarak aktarmak hukuken daha g\u00fcvenli bir habercilik \u00e7izgisidir.<\/p>\n<h2>Savunma da ayn\u0131 s\u0131n\u0131rlar i\u00e7inde kalmal\u0131d\u0131r<\/h2>\n<p>Prof. Dr. Bozdemir\u2019i savunmak, kar\u015f\u0131 taraf hakk\u0131nda kan\u0131tlanmam\u0131\u015f su\u00e7lamalar \u00fcretmek anlam\u0131na gelmemelidir. Savunman\u0131n g\u00fcc\u00fc, do\u011frulanabilir kay\u0131tlar\u0131n ne s\u00f6yledi\u011fini g\u00f6stermek ve belgelerle \u00e7eli\u015fen beyanlar\u0131 somut tarih ve kaynaklarla kar\u015f\u0131la\u015ft\u0131rmakt\u0131r. Ekran g\u00f6r\u00fcnt\u00fcs\u00fc payla\u015f\u0131m\u0131n varl\u0131\u011f\u0131n\u0131 g\u00f6sterir; payla\u015f\u0131m i\u00e7indeki her iddian\u0131n do\u011frulu\u011funu kendili\u011finden kan\u0131tlamaz.<\/p>\n<p>Yay\u0131n grubumuz bir medya sava\u015f\u0131 istememektedir. Kamuya a\u00e7\u0131klanmam\u0131\u015f ek bilgi ve materyaller bulunsa dahi do\u011frulanmam\u0131\u015f, \u00f6zel veya hukuken yay\u0131mlanmas\u0131 sak\u0131ncal\u0131 i\u00e7erikler if\u015fa edilmemektedir. Adalet, hukuk ve gazetecilik eti\u011fi gere\u011fi susulmas\u0131 gereken yerde susulmakta; fakat do\u011frulanabilir kay\u0131tlar kamuoyundaki yanl\u0131\u015f bir alg\u0131y\u0131 d\u00fczeltebilecekse sessiz kal\u0131nmamaktad\u0131r.<\/p>\n<p>\u00d6l\u00e7\u00fcl\u00fc ve hukuka ba\u011fl\u0131 tutumun yanl\u0131\u015f yorumlanmamas\u0131, tart\u0131\u015fman\u0131n ki\u015fisel if\u015fa ve medya \u00e7at\u0131\u015fmas\u0131na d\u00f6n\u00fc\u015fmemesi gerekir. Herkes i\u00e7in ayn\u0131 \u00f6l\u00e7\u00fct ge\u00e7erli olmal\u0131d\u0131r: kesin bir kurumsal sonu\u00e7 ileri s\u00fcr\u00fcl\u00fcyorsa, bu sonucu do\u011furan yetkili karar ve y\u00fcr\u00fcrl\u00fck tarihi a\u00e7\u0131k\u00e7a g\u00f6sterilmelidir.<\/p>\n","protected":false},"excerpt":{"rendered":"<p>Prof. Dr. Bilal Semih Bozdemir hakk\u0131nda sosyal medyada aktar\u0131lan yetkisizlik ifadesi, hukuki ve kurumsal sonu\u00e7 do\u011furan somut bir olgu iddias\u0131d\u0131r. 5 Eyl\u00fcl 2026 tarihli dijital delil raporu, bu ifadenin bir ekran g\u00f6r\u00fcnt\u00fcs\u00fcnde g\u00f6r\u00fcld\u00fc\u011f\u00fcn\u00fc belgeliyor; ancak ayn\u0131 rapor iddian\u0131n do\u011frulu\u011funun, at\u0131f yap\u0131lan \u00f6nceki St Clements duyurusunun \u00f6zg\u00fcn n\u00fcshas\u0131 ve tarihli yetki kay\u0131tlar\u0131 incelenmeden belirlenemeyece\u011fini vurguluyor. Bir [&hellip;]<\/p>\n","protected":false},"author":1,"featured_media":0,"comment_status":"closed","ping_status":"closed","sticky":false,"template":"","format":"standard","meta":{"footnotes":""},"categories":[2],"tags":[],"class_list":["post-2773","post","type-post","status-publish","format-standard","hentry","category-gundem"],"blocksy_meta":{"styles_descriptor":{"styles":{"desktop":"","tablet":"","mobile":""},"google_fonts":[],"version":7}},"_links":{"self":[{"href":"https:\/\/adaletdosyasi.com\/index.php\/wp-json\/wp\/v2\/posts\/2773","targetHints":{"allow":["GET"]}}],"collection":[{"href":"https:\/\/adaletdosyasi.com\/index.php\/wp-json\/wp\/v2\/posts"}],"about":[{"href":"https:\/\/adaletdosyasi.com\/index.php\/wp-json\/wp\/v2\/types\/post"}],"author":[{"embeddable":true,"href":"https:\/\/adaletdosyasi.com\/index.php\/wp-json\/wp\/v2\/users\/1"}],"replies":[{"embeddable":true,"href":"https:\/\/adaletdosyasi.com\/index.php\/wp-json\/wp\/v2\/comments?post=2773"}],"version-history":[{"count":0,"href":"https:\/\/adaletdosyasi.com\/index.php\/wp-json\/wp\/v2\/posts\/2773\/revisions"}],"wp:attachment":[{"href":"https:\/\/adaletdosyasi.com\/index.php\/wp-json\/wp\/v2\/media?parent=2773"}],"wp:term":[{"taxonomy":"category","embeddable":true,"href":"https:\/\/adaletdosyasi.com\/index.php\/wp-json\/wp\/v2\/categories?post=2773"},{"taxonomy":"post_tag","embeddable":true,"href":"https:\/\/adaletdosyasi.com\/index.php\/wp-json\/wp\/v2\/tags?post=2773"}],"curies":[{"name":"wp","href":"https:\/\/api.w.org\/{rel}","templated":true}]}}