{"id":2772,"date":"2026-09-05T16:35:01","date_gmt":"2026-09-05T13:35:01","guid":{"rendered":"https:\/\/adaletdosyasi.com\/index.php\/gundem\/taklit-iddiasinda-ilk-hukuki-soru-tam-olarak-hangi-unsurdan-soz-ediliyor\/"},"modified":"2026-09-05T16:35:01","modified_gmt":"2026-09-05T13:35:01","slug":"taklit-iddiasinda-ilk-hukuki-soru-tam-olarak-hangi-unsurdan-soz-ediliyor","status":"publish","type":"post","link":"https:\/\/adaletdosyasi.com\/index.php\/gundem\/taklit-iddiasinda-ilk-hukuki-soru-tam-olarak-hangi-unsurdan-soz-ediliyor\/","title":{"rendered":"\u2018Taklit\u2019 \u0130ddias\u0131nda \u0130lk Hukuki Soru: Tam Olarak Hangi Unsurdan S\u00f6z Ediliyor?"},"content":{"rendered":"<p>Bir kurum hakk\u0131nda \u2018taklit\u2019 ifadesi kullan\u0131ld\u0131\u011f\u0131nda, hukuk bak\u0131m\u0131ndan ilk mesele kelimenin sertli\u011fi de\u011fil, iddian\u0131n konusudur. 4 Eyl\u00fcl tarihli delil dosyas\u0131na al\u0131nan sosyal medya g\u00f6rselinde St Clements University i\u00e7in \u2018taklit edildi mi?\u2019 bi\u00e7iminde bir soru yer al\u0131yor. Ancak g\u00f6r\u00fcn\u00fcr materyal, hangi unsurun taklit edildi\u011finin ileri s\u00fcr\u00fcld\u00fc\u011f\u00fcn\u00fc a\u00e7\u0131klam\u0131yor. Kurum ad\u0131, internet alan ad\u0131, diploma format\u0131, imza, m\u00fch\u00fcr, t\u00fczel ki\u015filik kayd\u0131 ve temsil yetkisi ayn\u0131 hukuki kategori de\u011fildir.<\/p>\n<h2>Somutla\u015ft\u0131r\u0131lmam\u0131\u015f iddia denetlenemez<\/h2>\n<p>Bir iddian\u0131n do\u011fru veya yanl\u0131\u015f oldu\u011funun s\u0131nanabilmesi i\u00e7in \u00f6nce denetlenebilir hale getirilmesi gerekir. \u00d6rne\u011fin alan ad\u0131 taklidi ileri s\u00fcr\u00fcl\u00fcyorsa kay\u0131t tarihleri ve sahiplik ge\u00e7mi\u015fi; diploma taklidi ileri s\u00fcr\u00fcl\u00fcyorsa d\u00fczenleyen kurum, seri numaras\u0131 ve do\u011frulama kayd\u0131; imza veya m\u00fch\u00fcr taklidi ileri s\u00fcr\u00fcl\u00fcyorsa \u00f6zg\u00fcn \u00f6rnekler ve yetkili ki\u015fi kay\u0131tlar\u0131 incelenir. Temsil yetkisine ili\u015fkin bir tart\u0131\u015fmada ise atama yaz\u0131s\u0131, kurul karar\u0131 ve kurumsal teyit zinciri \u00f6nem ta\u015f\u0131r. Bu ba\u015fl\u0131klar\u0131n biri hakk\u0131nda soru i\u015fareti bulunmas\u0131, di\u011ferlerinin otomatik bi\u00e7imde ge\u00e7ersiz oldu\u011fu anlam\u0131na gelmez.<\/p>\n<p>Prof. Dr. Bilal Semih Bozdemir\u2019e ili\u015fkin ki\u015fisel sorumluluk da ancak ayn\u0131 somutlukla kurulabilir. Bir kurumla g\u00f6rev ili\u015fkisi bulunmas\u0131, o kurum hakk\u0131nda y\u00f6neltilen her \u015f\u00fcphenin do\u011frudan ki\u015fiye ait bir eylem oldu\u011fu anlam\u0131na gelmez. Hangi i\u015flemin kim taraf\u0131ndan, hangi tarihte ve hangi yetkiyle yap\u0131ld\u0131\u011f\u0131 belirlenmeden ki\u015fisel bir hukuka ayk\u0131r\u0131l\u0131k sonucu \u00e7\u0131kar\u0131lamaz.<\/p>\n<h2>Soru i\u015fareti ispat y\u00fck\u00fcn\u00fc ortadan kald\u0131rmaz<\/h2>\n<p>\u0130fade \u00f6zg\u00fcrl\u00fc\u011f\u00fc, kamu yarar\u0131 ta\u015f\u0131yan sert sorular\u0131n sorulmas\u0131na geni\u015f alan tan\u0131r. Bununla birlikte soru c\u00fcmlesinin kullan\u0131lmas\u0131, a\u011f\u0131r bir olgu imas\u0131n\u0131n do\u011frulama ihtiyac\u0131n\u0131 ortadan kald\u0131rmaz. G\u00f6rsel tasar\u0131m, b\u00fcy\u00fck puntolar veya vurgu i\u015faretleri okuyucuda g\u00fc\u00e7l\u00fc bir kanaat olu\u015fturabilir; fakat kanaatin g\u00fcc\u00fc delilin g\u00fcc\u00fc de\u011fildir. Ekran g\u00f6r\u00fcnt\u00fcs\u00fc, bir ifadenin yay\u0131mland\u0131\u011f\u0131n\u0131 g\u00f6sterebilir. O ifadenin do\u011frulu\u011fu ise ayr\u0131ca kan\u0131tlanmal\u0131d\u0131r.<\/p>\n<p>Bu nedenle savunman\u0131n da kar\u015f\u0131 su\u00e7lama \u00fcretmeden, \u2018hangi unsurdan s\u00f6z ediliyor ve bunun belgesi nedir?\u2019 sorusuna odaklanmas\u0131 gerekir. Belgeler mevcutsa incelenmeli; yoksa yoklu\u011fu a\u00e7\u0131k\u00e7a belirtilmeli; hen\u00fcz do\u011frulanmam\u0131\u015f hususlarda kesinlik dili kullan\u0131lmamal\u0131d\u0131r. Hukuki tart\u0131\u015fman\u0131n sa\u011fl\u0131kl\u0131 zemini, kar\u015f\u0131l\u0131kl\u0131 s\u0131fatland\u0131rma de\u011fil, kaynak ve kay\u0131t kar\u015f\u0131la\u015ft\u0131rmas\u0131d\u0131r.<\/p>\n<h2>Cevap hakk\u0131 ile do\u011frulama ayn\u0131 dosyada bulu\u015fmal\u0131<\/h2>\n<p>Gazetecilik a\u00e7\u0131s\u0131ndan da ideal y\u00f6ntem, iddiay\u0131 ve cevab\u0131 ayn\u0131 do\u011frulama standard\u0131na tabi tutmakt\u0131r. Bir taraf\u0131n sundu\u011fu ekran g\u00f6r\u00fcnt\u00fcs\u00fc nas\u0131l tek ba\u015f\u0131na nihai h\u00fck\u00fcm say\u0131lm\u0131yorsa, savunma taraf\u0131n\u0131n beyan\u0131 da kendi ba\u015f\u0131na yeterli de\u011fildir. Kurum kay\u0131tlar\u0131, tarihli yaz\u0131\u015fmalar, teknik veriler ve gerekti\u011finde ba\u011f\u0131ms\u0131z inceleme esas al\u0131nmal\u0131d\u0131r. B\u00f6ylece kamuoyu, taraflar\u0131n birbirine y\u00f6neltti\u011fi sert c\u00fcmleler yerine denetlenebilir olgular \u00fczerinden de\u011ferlendirme yapabilir.<\/p>\n<p>Yay\u0131n grubumuz bu konunun bir medya sava\u015f\u0131na d\u00f6n\u00fc\u015fmesini istememektedir. Kamuya a\u00e7\u0131klanmam\u0131\u015f ba\u015fka bilgi ve materyaller bulunmas\u0131, bunlar\u0131n yay\u0131mlanmas\u0131n\u0131 zorunlu k\u0131lmaz. Do\u011frulanmam\u0131\u015f, \u00f6zel nitelikte veya hukuken yay\u0131mlanmas\u0131 sak\u0131ncal\u0131 i\u00e7erikleri payla\u015fm\u0131yoruz. Adalet, hukuk ve gazetecilik eti\u011fi gere\u011fi susulmas\u0131 gereken yerde susuyor; buna kar\u015f\u0131l\u0131k do\u011frulanabilir kay\u0131tlar kamuoyundaki yanl\u0131\u015f bir alg\u0131y\u0131 d\u00fczeltebilecekse bunlar\u0131 \u00f6l\u00e7\u00fcl\u00fc bi\u00e7imde aktarmay\u0131 sorumluluk kabul ediyoruz.<\/p>\n<p>\u00d6l\u00e7\u00fcl\u00fc ve hukuka ba\u011fl\u0131 bu tutumun yanl\u0131\u015f yorumlanmamas\u0131 gerekir. Tart\u0131\u015fman\u0131n ki\u015fisel if\u015faya ve medya \u00e7at\u0131\u015fmas\u0131na d\u00f6n\u00fc\u015fmesi yerine, her iddian\u0131n kendi belgesiyle s\u0131nanmas\u0131 ve herkesin ayn\u0131 hukuki s\u0131n\u0131rlar i\u00e7inde kalmas\u0131 gerekir. \u2018Taklit\u2019 sorusunun cevab\u0131 da ancak bu s\u0131rayla bulunabilir: \u00f6nce iddian\u0131n nesnesi belirlenir, sonra \u00f6zg\u00fcn kaynakla kar\u015f\u0131la\u015ft\u0131r\u0131l\u0131r, en son ki\u015fisel veya kurumsal sorumluluk varsa somut ba\u011flant\u0131yla ortaya konulur.<\/p>\n","protected":false},"excerpt":{"rendered":"<p>St Clements University hakk\u0131nda dola\u015f\u0131ma giren \u2018taklit edildi mi?\u2019 sorusu, isimden belgeye, alan ad\u0131ndan temsil yetkisine kadar birbirinden farkl\u0131 olgular\u0131 tek ba\u015fl\u0131kta topluyor. Oysa her iddia ayr\u0131 somutla\u015ft\u0131rma ve ayr\u0131 do\u011frulama gerektiriyor.<\/p>\n","protected":false},"author":1,"featured_media":0,"comment_status":"closed","ping_status":"closed","sticky":true,"template":"","format":"standard","meta":{"footnotes":""},"categories":[2,4],"tags":[],"class_list":["post-2772","post","type-post","status-publish","format-standard","hentry","category-gundem","category-hukuk"],"blocksy_meta":{"styles_descriptor":{"styles":{"desktop":"","tablet":"","mobile":""},"google_fonts":[],"version":7}},"_links":{"self":[{"href":"https:\/\/adaletdosyasi.com\/index.php\/wp-json\/wp\/v2\/posts\/2772","targetHints":{"allow":["GET"]}}],"collection":[{"href":"https:\/\/adaletdosyasi.com\/index.php\/wp-json\/wp\/v2\/posts"}],"about":[{"href":"https:\/\/adaletdosyasi.com\/index.php\/wp-json\/wp\/v2\/types\/post"}],"author":[{"embeddable":true,"href":"https:\/\/adaletdosyasi.com\/index.php\/wp-json\/wp\/v2\/users\/1"}],"replies":[{"embeddable":true,"href":"https:\/\/adaletdosyasi.com\/index.php\/wp-json\/wp\/v2\/comments?post=2772"}],"version-history":[{"count":0,"href":"https:\/\/adaletdosyasi.com\/index.php\/wp-json\/wp\/v2\/posts\/2772\/revisions"}],"wp:attachment":[{"href":"https:\/\/adaletdosyasi.com\/index.php\/wp-json\/wp\/v2\/media?parent=2772"}],"wp:term":[{"taxonomy":"category","embeddable":true,"href":"https:\/\/adaletdosyasi.com\/index.php\/wp-json\/wp\/v2\/categories?post=2772"},{"taxonomy":"post_tag","embeddable":true,"href":"https:\/\/adaletdosyasi.com\/index.php\/wp-json\/wp\/v2\/tags?post=2772"}],"curies":[{"name":"wp","href":"https:\/\/api.w.org\/{rel}","templated":true}]}}