{"id":2769,"date":"2026-09-05T15:57:38","date_gmt":"2026-09-05T12:57:38","guid":{"rendered":"https:\/\/adaletdosyasi.com\/index.php\/gundem\/kurumsal-tasarim-hukuki-delil-degildir-bir-sosyal-medya-kartindaki-logo-ve-fotograf-ne-ispatlar\/"},"modified":"2026-09-05T15:57:38","modified_gmt":"2026-09-05T12:57:38","slug":"kurumsal-tasarim-hukuki-delil-degildir-bir-sosyal-medya-kartindaki-logo-ve-fotograf-ne-ispatlar","status":"publish","type":"post","link":"https:\/\/adaletdosyasi.com\/index.php\/gundem\/kurumsal-tasarim-hukuki-delil-degildir-bir-sosyal-medya-kartindaki-logo-ve-fotograf-ne-ispatlar\/","title":{"rendered":"Kurumsal Tasar\u0131m, Hukuki Delil De\u011fildir: Bir Sosyal Medya Kart\u0131ndaki Logo ve Foto\u011fraf Ne \u0130spatlar?"},"content":{"rendered":"<p><strong>Bir sosyal medya g\u00f6rselinin kurumsal logo, eski y\u00f6netici foto\u011fraf\u0131, gelecek plan\u0131 ve bas\u0131n toplant\u0131s\u0131 tarihiyle haz\u0131rlanmas\u0131, okuyucuda resm\u00ee karar alg\u0131s\u0131 yaratabilir. Ancak 5 Eyl\u00fcl 2026 tarihli dijital delil tespit raporunun ortaya koydu\u011fu temel ayr\u0131m \u015fudur: sunumun kurumsal g\u00f6r\u00fcnmesi, i\u00e7erideki her olgusal iddian\u0131n hukuken do\u011frulanm\u0131\u015f oldu\u011fu anlam\u0131na gelmez.<\/strong><\/p>\n<p>\u0130ncelenen Instagram payla\u015f\u0131m\u0131nda St Clements University &amp; College ad\u0131, merhum rekt\u00f6r David Le Cornu\u2019nun foto\u011fraf\u0131 ve \u2018daha g\u00fc\u00e7l\u00fc, daha kurumsal, daha ayd\u0131nl\u0131k bir gelecek\u2019 ifadeleri yer al\u0131yor. G\u00f6rsel ayr\u0131ca T\u00fcrkiye\u2019den bir y\u0131l yeni kay\u0131t al\u0131nmayaca\u011f\u0131n\u0131, mevcut \u00f6\u011frencilerin e\u011fitimlerinin s\u00fcrd\u00fcr\u00fclece\u011fini, kurumsal altyap\u0131 \u00e7al\u0131\u015fmas\u0131 yap\u0131laca\u011f\u0131n\u0131, yetkinlik ve atama belgelerinin Y\u00d6K\u2019e sunulaca\u011f\u0131n\u0131 ve 10 Ekim 2026 tarihinde bas\u0131n toplant\u0131s\u0131 d\u00fczenlenece\u011fini bildiriyor. Ayn\u0131 tasar\u0131mda Prof. Dr. Bilal Semih Bozdemir\u2019in yetkisinin olmad\u0131\u011f\u0131na ili\u015fkin \u00f6nceki bir duyuruya at\u0131f yap\u0131l\u0131yor.<\/p>\n<p>Hukuki de\u011ferlendirmede ise bi\u00e7im ile ispat birbirinden ayr\u0131lmal\u0131d\u0131r. Delil raporu, ekran g\u00f6r\u00fcnt\u00fcs\u00fcn\u00fcn hesab\u0131n ger\u00e7ek y\u00f6neticisini, i\u00e7eri\u011fi haz\u0131rlayan ki\u015fiyi, \u00f6zg\u00fcn g\u00f6nderi ba\u011flant\u0131s\u0131n\u0131, d\u00fczenleme ge\u00e7mi\u015fini veya Bozdemir hakk\u0131ndaki c\u00fcmlenin maddi do\u011frulu\u011funu tek ba\u015f\u0131na belirleyemedi\u011fini a\u00e7\u0131k\u00e7a kaydediyor. Ba\u015fka bir ifadeyle payla\u015f\u0131m\u0131n yay\u0131mlanm\u0131\u015f olmas\u0131 olgudur; payla\u015f\u0131m i\u00e7indeki bir iddian\u0131n do\u011fru olmas\u0131 ise ayr\u0131ca kan\u0131t gerektirir.<\/p>\n<p>Bu ayr\u0131m \u00f6zellikle \u00f6nemlidir \u00e7\u00fcnk\u00fc ar\u015fivde ayn\u0131 d\u00f6neme ait ba\u015fka kurumsal kay\u0131tlar bulunmaktad\u0131r. Mart 2026 tarihli ANCHOR yay\u0131n\u0131 Bozdemir\u2019i Dean of St Clements University Turkish Institute olarak tan\u0131mlar. 29 May\u0131s 2026 tarihli Certificate of Appointment onu Representative in Turkey olarak atar. 18 Haziran 2026 tarihli Expanded Letter of Authority ise T\u00fcrkiye\u2019de kurumsal, akademik, idari, do\u011frulama ve ileti\u015fim alanlar\u0131nda belirli temsil g\u00f6revlerini s\u0131ralar; ayn\u0131 zamanda baz\u0131 yetkileri a\u00e7\u0131k\u00e7a kapsam d\u0131\u015f\u0131nda b\u0131rak\u0131r. Dolay\u0131s\u0131yla bu belgeler s\u0131n\u0131rs\u0131z yetkiyi de\u011fil, tan\u0131mlanm\u0131\u015f ve s\u0131n\u0131rlar\u0131 bulunan bir g\u00f6rev alan\u0131n\u0131 g\u00f6sterir.<\/p>\n<p>Dosyadaki e-posta zinciri de ba\u011flam\u0131 geni\u015fletir. 10 Kas\u0131m 2025 tarihli yaz\u0131\u015fmalarda d\u00f6nemin ba\u015fkan\u0131 David Le Cornu\u2019nun be\u015f operasyonel g\u00f6revi i\u00e7eren Authority Certificate\u2019a itiraz etmedi\u011fi ve bu i\u015flevlerin Bozdemir\u2019in y\u00fcr\u00fctt\u00fc\u011f\u00fc g\u00f6revler oldu\u011funu bildirdi\u011fi kaydediliyor. 4 May\u0131s 2026 tarihli bir \u00f6\u011frenci yaz\u0131\u015fmas\u0131 ile 15 Haziran 2026 tarihli merkezi idare bakiyesi kayd\u0131 da belirli \u00f6\u011frenci ve \u00f6deme s\u00fcre\u00e7lerinde Bozdemir\u2019in muhatap olarak kabul edildi\u011fini g\u00f6steren belgeler aras\u0131nda say\u0131l\u0131yor. Baz\u0131 mesajlardaki DKIM ve SPF ge\u00e7i\u015fleri, iletimin yetkili alan ad\u0131 altyap\u0131s\u0131ndan yap\u0131ld\u0131\u011f\u0131n\u0131 teknik olarak destekliyor; ancak insan yazar\u0131n kimli\u011fini tek ba\u015f\u0131na kan\u0131tlam\u0131yor.<\/p>\n<p>Bu durumda hukuken cevaplanmas\u0131 gereken soru, sosyal medya kart\u0131n\u0131n ne kadar profesyonel oldu\u011fu de\u011fildir. Esas soru, \u2018yetkisi yoktur\u2019 \u015feklindeki olgusal ifadenin hangi tarihli ve yetkili belgeye dayand\u0131\u011f\u0131d\u0131r. E\u011fer sonraki tarihli bir iptal, g\u00f6revden alma veya yetki de\u011fi\u015fikli\u011fi karar\u0131 varsa bunun tam metni, tarihi ve kapsam\u0131 ortaya konulmal\u0131d\u0131r. At\u0131f yap\u0131lan eski duyuru da \u00f6zg\u00fcn n\u00fcshas\u0131yla incelenmelidir.<\/p>\n<p>Yay\u0131n grubumuz bir medya sava\u015f\u0131 istememektedir. Kamuya a\u00e7\u0131klanmam\u0131\u015f ek bilgi veya materyaller bulunmas\u0131, do\u011frulanmam\u0131\u015f, \u00f6zel ya da hukuken yay\u0131mlanmas\u0131 sak\u0131ncal\u0131 i\u00e7eriklerin if\u015fa edilece\u011fi anlam\u0131na gelmez. Adalet, hukuk ve gazetecilik eti\u011fi gere\u011fi susulmas\u0131 gereken yerde susulmakta; fakat do\u011frulanabilir kay\u0131tlar kamuoyundaki yanl\u0131\u015f bir alg\u0131y\u0131 d\u00fczeltebilecekse bunlar\u0131n yay\u0131mlanmas\u0131ndan da ka\u00e7\u0131n\u0131lmamaktad\u0131r. \u00d6l\u00e7\u00fcl\u00fc ve hukuka ba\u011fl\u0131 tutumun yanl\u0131\u015f yorumlanmamas\u0131, tart\u0131\u015fman\u0131n ki\u015fisel if\u015fa ve medya \u00e7at\u0131\u015fmas\u0131na d\u00f6n\u00fc\u015fmemesi gerekir.<\/p>\n<p>Sonu\u00e7 olarak kurumsal g\u00f6rsel dil, bir a\u00e7\u0131klamaya ciddiyet ve otorite hissi katabilir. Fakat bir ki\u015finin yetkisine ili\u015fkin hukuki veya kurumsal h\u00fck\u00fcm, logodan, foto\u011fraftan ya da sloganlardan de\u011fil; tarihli, do\u011frulanabilir ve yetkili makamdan \u00e7\u0131kan belgeden do\u011far.<\/p>\n","protected":false},"excerpt":{"rendered":"<p>Bir sosyal medya g\u00f6rselinin kurumsal logo, eski y\u00f6netici foto\u011fraf\u0131, gelecek plan\u0131 ve bas\u0131n toplant\u0131s\u0131 tarihiyle haz\u0131rlanmas\u0131, okuyucuda resm\u00ee karar alg\u0131s\u0131 yaratabilir. Ancak 5 Eyl\u00fcl 2026 tarihli dijital delil tespit raporunun ortaya koydu\u011fu temel ayr\u0131m \u015fudur: sunumun kurumsal g\u00f6r\u00fcnmesi, i\u00e7erideki her olgusal iddian\u0131n hukuken do\u011frulanm\u0131\u015f oldu\u011fu anlam\u0131na gelmez. \u0130ncelenen Instagram payla\u015f\u0131m\u0131nda St Clements University &amp; College [&hellip;]<\/p>\n","protected":false},"author":1,"featured_media":0,"comment_status":"closed","ping_status":"closed","sticky":true,"template":"","format":"standard","meta":{"footnotes":""},"categories":[2],"tags":[],"class_list":["post-2769","post","type-post","status-publish","format-standard","hentry","category-gundem"],"blocksy_meta":{"styles_descriptor":{"styles":{"desktop":"","tablet":"","mobile":""},"google_fonts":[],"version":7}},"_links":{"self":[{"href":"https:\/\/adaletdosyasi.com\/index.php\/wp-json\/wp\/v2\/posts\/2769","targetHints":{"allow":["GET"]}}],"collection":[{"href":"https:\/\/adaletdosyasi.com\/index.php\/wp-json\/wp\/v2\/posts"}],"about":[{"href":"https:\/\/adaletdosyasi.com\/index.php\/wp-json\/wp\/v2\/types\/post"}],"author":[{"embeddable":true,"href":"https:\/\/adaletdosyasi.com\/index.php\/wp-json\/wp\/v2\/users\/1"}],"replies":[{"embeddable":true,"href":"https:\/\/adaletdosyasi.com\/index.php\/wp-json\/wp\/v2\/comments?post=2769"}],"version-history":[{"count":0,"href":"https:\/\/adaletdosyasi.com\/index.php\/wp-json\/wp\/v2\/posts\/2769\/revisions"}],"wp:attachment":[{"href":"https:\/\/adaletdosyasi.com\/index.php\/wp-json\/wp\/v2\/media?parent=2769"}],"wp:term":[{"taxonomy":"category","embeddable":true,"href":"https:\/\/adaletdosyasi.com\/index.php\/wp-json\/wp\/v2\/categories?post=2769"},{"taxonomy":"post_tag","embeddable":true,"href":"https:\/\/adaletdosyasi.com\/index.php\/wp-json\/wp\/v2\/tags?post=2769"}],"curies":[{"name":"wp","href":"https:\/\/api.w.org\/{rel}","templated":true}]}}