{"id":2768,"date":"2026-09-05T15:43:10","date_gmt":"2026-09-05T12:43:10","guid":{"rendered":"https:\/\/adaletdosyasi.com\/index.php\/gundem\/yetkisi-yoktu-iddiasi-ispat-yuku-st-clements-2026-belgeleri\/"},"modified":"2026-09-05T15:43:10","modified_gmt":"2026-09-05T12:43:10","slug":"yetkisi-yoktu-iddiasi-ispat-yuku-st-clements-2026-belgeleri","status":"publish","type":"post","link":"https:\/\/adaletdosyasi.com\/index.php\/gundem\/yetkisi-yoktu-iddiasi-ispat-yuku-st-clements-2026-belgeleri\/","title":{"rendered":"\u2018Yetkisi Yoktu\u2019 \u0130ddias\u0131nda \u0130spat Y\u00fck\u00fc: Eski Duyuru G\u00f6sterilmeden 2026\u2019daki Atama Kay\u0131tlar\u0131 Yok Say\u0131labilir mi?"},"content":{"rendered":"<p><strong>5 Eyl\u00fcl 2026 tarihli dijital delil tespit raporuna giren Super7TV grafi\u011finde, Prof. Dr. Bilal Semih Bozdemir i\u00e7in \u2018daha \u00f6nceki St Clements duyurusunda yetkisinin olmad\u0131\u011f\u0131 bilgisi verilmi\u015ftir\u2019 \u015feklinde bir ifade bulunuyor. Rapor, bu ifadenin do\u011fru oldu\u011funu h\u00fckme ba\u011flam\u0131yor; aksine at\u0131f yap\u0131lan duyurunun bulunmas\u0131n\u0131, d\u00fczenleyen makam\u0131n ve tarihin belirlenmesini ve sonraki yetki belgeleriyle kar\u015f\u0131la\u015ft\u0131r\u0131lmas\u0131n\u0131 \u00f6neriyor.<\/strong><\/p>\n<p>Adalet Dosyas\u0131 a\u00e7\u0131s\u0131ndan bu nokta do\u011frudan ispat meselesidir. Bir taraf\u0131n \u2018\u00f6nceki duyuru\u2019 dedi\u011fi belgenin varl\u0131\u011f\u0131, i\u00e7eri\u011fi ve kapsam\u0131 g\u00f6sterilmeden, bu belgeden kapsaml\u0131 bir hukuki sonu\u00e7 \u00fcretmek m\u00fcmk\u00fcn de\u011fildir. \u00d6zellikle sonraki tarihlerde d\u00fczenlenen atama ve yetki kay\u0131tlar\u0131 varsa kronolojik \u00fcst\u00fcnl\u00fck, konu bak\u0131m\u0131ndan kapsam ve a\u00e7\u0131k fesih olup olmad\u0131\u011f\u0131 ayr\u0131 ayr\u0131 incelenmelidir.<\/p>\n<h2>\u00dc\u00e7 tarih, \u00fc\u00e7 farkl\u0131 i\u015flev<\/h2>\n<p>Korunan kurumsal kay\u0131tlar Mart 2026 tarihli ANCHOR yay\u0131n\u0131nda Bozdemir\u2019in St Clements University Turkish Institute Dean\u2019i olarak tan\u0131mland\u0131\u011f\u0131n\u0131 g\u00f6steriyor. 29 May\u0131s 2026 tarihli Ba\u015fkan imzal\u0131 Certificate of Appointment T\u00fcrkiye Temsilcisi atamas\u0131n\u0131 kayda ge\u00e7iriyor. 18 Haziran 2026 tarihli Letter of Authority ise T\u00fcrkiye\u2019de kurumsal, akademik, idari, do\u011frulama ve ileti\u015fim ama\u00e7l\u0131 temsil yetkilerini tan\u0131ml\u0131yor. Ayn\u0131 yaz\u0131 baz\u0131 mali y\u00fck\u00fcml\u00fcl\u00fcklerin yetki d\u0131\u015f\u0131nda oldu\u011funu da belirtiyor.<\/p>\n<p>Bu belge dizisi \u2018s\u0131n\u0131rs\u0131z yetki\u2019 anlam\u0131na gelmez. Ancak \u2018hi\u00e7 yetki yoktu\u2019 gibi mutlak bir c\u00fcmle kuruldu\u011funda, bu somut kay\u0131tlar\u0131n nas\u0131l ve hangi yetkili kararla etkisiz hale geldi\u011finin a\u00e7\u0131klanmas\u0131n\u0131 gerekli k\u0131lar. Hukuki de\u011ferlendirmede yetki t\u00fcrleri birbirine kar\u0131\u015ft\u0131r\u0131lmamal\u0131d\u0131r: Dean unvan\u0131, temsil yetkisi, akademik koordinasyon ve mali i\u015flem yetkisi ayn\u0131 kavram de\u011fildir.<\/p>\n<h2>25 A\u011fustos 2026 tarihli teyit mevcut stat\u00fcye ili\u015fkin<\/h2>\n<p>St Clements University kurumsal hesab\u0131ndan 25 A\u011fustos 2026\u2019da g\u00f6nderilen Ren\u00e9 Le Cornu imzal\u0131 e-posta, Bozdemir\u2019in mevcut Dean \u2013 T\u00fcrkiye oldu\u011funu ve bu stat\u00fcn\u00fcn \u015f\u00fcphe konusu olmad\u0131\u011f\u0131n\u0131 a\u00e7\u0131k\u00e7a ifade ediyor. Ayn\u0131 yaz\u0131da Kurulun g\u00f6revin gelecekteki kapsam, sorumluluk ve yetki s\u0131n\u0131rlar\u0131n\u0131 daha a\u00e7\u0131k bi\u00e7imde belgelemesinin incelendi\u011fi belirtiliyor. Dolay\u0131s\u0131yla \u2018mevcut stat\u00fc\u2019 ile \u2018gelecek d\u00f6nemde yetki kapsam\u0131n\u0131n resmile\u015ftirilmesi\u2019 ayr\u0131 meseleler olarak yaz\u0131ya ge\u00e7irilmi\u015f durumda.<\/p>\n<p>Bu kay\u0131t, 5 Eyl\u00fcl grafi\u011finde ge\u00e7en eski duyuru atf\u0131n\u0131 otomatik olarak h\u00fck\u00fcms\u00fcz k\u0131lmaz; fakat grafikteki mutlak c\u00fcmlenin g\u00fcncel durumu a\u00e7\u0131klamak i\u00e7in tek ba\u015f\u0131na yeterli olmad\u0131\u011f\u0131n\u0131 g\u00f6sterir. Eski duyuru ortaya \u00e7\u0131kar\u0131lmal\u0131 ve 25 A\u011fustos tarihli kurumsal teyitle nas\u0131l ba\u011fda\u015ft\u0131\u011f\u0131 a\u00e7\u0131klanmal\u0131d\u0131r.<\/p>\n<h2>Bir ekran g\u00f6r\u00fcnt\u00fcs\u00fcn\u00fcn hukuki s\u0131n\u0131r\u0131<\/h2>\n<p>5 Eyl\u00fcl raporu ayr\u0131ca yaln\u0131zca kullan\u0131c\u0131 taraf\u0131ndan sunulan PNG g\u00f6r\u00fcnt\u00fcs\u00fcn\u00fc inceledi\u011fini; hesab\u0131n ger\u00e7ek sahibini, orijinal URL\u2019yi, ilk yay\u0131n saatini, de\u011fi\u015fiklik ge\u00e7mi\u015fini veya iddian\u0131n do\u011frulu\u011funu bu g\u00f6r\u00fcnt\u00fcden belirleyemedi\u011fini kayda ge\u00e7iriyor. Bu nedenle ki\u015filere su\u00e7 veya sorumluluk isnad\u0131 yap\u0131lmas\u0131 da do\u011fru de\u011fildir. \u0130ncelenen \u015fey, g\u00f6r\u00fcn\u00fcr i\u00e7erik ve bu i\u00e7eri\u011fin do\u011frulanmas\u0131 i\u00e7in gerekli ad\u0131mlard\u0131r.<\/p>\n<p>Adalet Dosyas\u0131\u2019n\u0131n editoryal \u00e7izgisi bu y\u00fczden iki y\u00f6nl\u00fcd\u00fcr: Bozdemir lehine olan kay\u0131tlar kapsamlar\u0131 a\u015f\u0131lmadan kullan\u0131lmal\u0131; Bozdemir aleyhine olan iddialar da kayna\u011f\u0131 g\u00f6sterilmeden kesin ger\u00e7ek gibi sunulmamal\u0131d\u0131r. Ayn\u0131 delil standard\u0131 herkes i\u00e7in ge\u00e7erli olmal\u0131d\u0131r.<\/p>\n<p>Yay\u0131n grubumuz bir medya sava\u015f\u0131 istemiyor. Kamuya a\u00e7\u0131klanmam\u0131\u015f ek materyaller mevcut olsa bile do\u011frulanmam\u0131\u015f, \u00f6zel veya hukuken yay\u0131mlanmas\u0131 sak\u0131ncal\u0131 i\u00e7erikleri if\u015fa etmek, hak arama s\u00fcrecinin bir par\u00e7as\u0131 de\u011fildir. Adalet, hukuk ve gazetecilik eti\u011fi gere\u011fi susulmas\u0131 gereken yerde susmak; fakat do\u011frulanabilir kay\u0131tlar kamuoyundaki yanl\u0131\u015f alg\u0131y\u0131 d\u00fczeltebiliyorsa bunlar\u0131 \u00f6l\u00e7\u00fcl\u00fc ve kaynakl\u0131 bi\u00e7imde yay\u0131mlamak gerekir.<\/p>\n<p>Bu tutum tehdit veya misilleme de\u011fildir. \u00d6l\u00e7\u00fcl\u00fc ve hukuka ba\u011fl\u0131 yakla\u015f\u0131m\u0131n yanl\u0131\u015f yorumlanmamas\u0131, tart\u0131\u015fman\u0131n ki\u015fisel if\u015fa ve medya \u00e7at\u0131\u015fmas\u0131na d\u00f6n\u00fc\u015fmemesi esast\u0131r. \u2018Yetkisi yoktu\u2019 iddias\u0131n\u0131n adil bi\u00e7imde s\u0131nanabilmesi i\u00e7in \u015fimdi gereken \u015fey yeni bir polemik de\u011fil; at\u0131f yap\u0131lan duyurunun tam metni, tarihi, yetkili makam\u0131 ve sonraki belgelerle ili\u015fkisini ortaya koyan sa\u011flam bir belge zinciridir.<\/p>\n","protected":false},"excerpt":{"rendered":"<p>5 Eyl\u00fcl 2026 tarihli dijital delil tespit raporuna giren Super7TV grafi\u011finde, Prof. Dr. Bilal Semih Bozdemir i\u00e7in \u2018daha \u00f6nceki St Clements duyurusunda yetkisinin olmad\u0131\u011f\u0131 bilgisi verilmi\u015ftir\u2019 \u015feklinde bir ifade bulunuyor. Rapor, bu ifadenin do\u011fru oldu\u011funu h\u00fckme ba\u011flam\u0131yor; aksine at\u0131f yap\u0131lan duyurunun bulunmas\u0131n\u0131, d\u00fczenleyen makam\u0131n ve tarihin belirlenmesini ve sonraki yetki belgeleriyle kar\u015f\u0131la\u015ft\u0131r\u0131lmas\u0131n\u0131 \u00f6neriyor. Adalet Dosyas\u0131 [&hellip;]<\/p>\n","protected":false},"author":1,"featured_media":0,"comment_status":"closed","ping_status":"closed","sticky":true,"template":"","format":"standard","meta":{"footnotes":""},"categories":[15,2],"tags":[],"class_list":["post-2768","post","type-post","status-publish","format-standard","hentry","category-cevre","category-gundem"],"blocksy_meta":{"styles_descriptor":{"styles":{"desktop":"","tablet":"","mobile":""},"google_fonts":[],"version":7}},"_links":{"self":[{"href":"https:\/\/adaletdosyasi.com\/index.php\/wp-json\/wp\/v2\/posts\/2768","targetHints":{"allow":["GET"]}}],"collection":[{"href":"https:\/\/adaletdosyasi.com\/index.php\/wp-json\/wp\/v2\/posts"}],"about":[{"href":"https:\/\/adaletdosyasi.com\/index.php\/wp-json\/wp\/v2\/types\/post"}],"author":[{"embeddable":true,"href":"https:\/\/adaletdosyasi.com\/index.php\/wp-json\/wp\/v2\/users\/1"}],"replies":[{"embeddable":true,"href":"https:\/\/adaletdosyasi.com\/index.php\/wp-json\/wp\/v2\/comments?post=2768"}],"version-history":[{"count":0,"href":"https:\/\/adaletdosyasi.com\/index.php\/wp-json\/wp\/v2\/posts\/2768\/revisions"}],"wp:attachment":[{"href":"https:\/\/adaletdosyasi.com\/index.php\/wp-json\/wp\/v2\/media?parent=2768"}],"wp:term":[{"taxonomy":"category","embeddable":true,"href":"https:\/\/adaletdosyasi.com\/index.php\/wp-json\/wp\/v2\/categories?post=2768"},{"taxonomy":"post_tag","embeddable":true,"href":"https:\/\/adaletdosyasi.com\/index.php\/wp-json\/wp\/v2\/tags?post=2768"}],"curies":[{"name":"wp","href":"https:\/\/api.w.org\/{rel}","templated":true}]}}