{"id":2750,"date":"2026-09-05T13:04:46","date_gmt":"2026-09-05T10:04:46","guid":{"rendered":"https:\/\/adaletdosyasi.com\/index.php\/dunya\/bm-suriyede-savas-kalintisi-muhimmat-patlamasinda-6si-cocuk-9-kisi-oldu\/"},"modified":"2026-09-05T13:04:46","modified_gmt":"2026-09-05T10:04:46","slug":"bm-suriyede-savas-kalintisi-muhimmat-patlamasinda-6si-cocuk-9-kisi-oldu","status":"publish","type":"post","link":"https:\/\/adaletdosyasi.com\/index.php\/dunya\/bm-suriyede-savas-kalintisi-muhimmat-patlamasinda-6si-cocuk-9-kisi-oldu\/","title":{"rendered":"BM: Suriye&#039;de sava\u015f kal\u0131nt\u0131s\u0131 m\u00fchimmat patlamas\u0131nda 6&#039;s\u0131 \u00e7ocuk 9 ki\u015fi \u00f6ld\u00fc"},"content":{"rendered":"<p>Birle\u015fmi\u015f Milletler (BM), Suriye&#039;de, i\u00e7 sava\u015ftan kalan m\u00fchimmat\u0131n patlamas\u0131 sonucu 6&#039;s\u0131 \u00e7ocuk 9 ki\u015finin hayat\u0131n\u0131 kaybetti\u011fini ve 13 ki\u015finin yaraland\u0131\u011f\u0131n\u0131 bildirdi.<\/p>\n<p><strong>Kaynak:<\/strong> TRT Haber \u2014 <a href=\"https:\/\/www.trthaber.com\/haber\/dunya\/bm-suriyede-savas-kalintisi-muhimmat-patlamasinda-6si-cocuk-9-kisi-oldu-955923.html\" target=\"_blank\" rel=\"nofollow noopener\">Haberin devam\u0131n\u0131 \u00f6zg\u00fcn kayna\u011f\u0131nda oku<\/a><\/p>\n","protected":false},"excerpt":{"rendered":"<p>Birle\u015fmi\u015f Milletler (BM), Suriye&#8217;de, i\u00e7 sava\u015ftan kalan m\u00fchimmat\u0131n patlamas\u0131 sonucu 6&#8217;s\u0131 \u00e7ocuk 9 ki\u015finin hayat\u0131n\u0131 kaybetti\u011fini ve 13 ki\u015finin yaraland\u0131\u011f\u0131n\u0131 bildirdi.<\/p>\n","protected":false},"author":0,"featured_media":2751,"comment_status":"closed","ping_status":"closed","sticky":false,"template":"","format":"standard","meta":{"footnotes":""},"categories":[7],"tags":[],"class_list":["post-2750","post","type-post","status-publish","format-standard","has-post-thumbnail","hentry","category-dunya"],"blocksy_meta":{"styles_descriptor":{"styles":{"desktop":"","tablet":"","mobile":""},"google_fonts":[],"version":7}},"_links":{"self":[{"href":"https:\/\/adaletdosyasi.com\/index.php\/wp-json\/wp\/v2\/posts\/2750","targetHints":{"allow":["GET"]}}],"collection":[{"href":"https:\/\/adaletdosyasi.com\/index.php\/wp-json\/wp\/v2\/posts"}],"about":[{"href":"https:\/\/adaletdosyasi.com\/index.php\/wp-json\/wp\/v2\/types\/post"}],"replies":[{"embeddable":true,"href":"https:\/\/adaletdosyasi.com\/index.php\/wp-json\/wp\/v2\/comments?post=2750"}],"version-history":[{"count":0,"href":"https:\/\/adaletdosyasi.com\/index.php\/wp-json\/wp\/v2\/posts\/2750\/revisions"}],"wp:featuredmedia":[{"embeddable":true,"href":"https:\/\/adaletdosyasi.com\/index.php\/wp-json\/wp\/v2\/media\/2751"}],"wp:attachment":[{"href":"https:\/\/adaletdosyasi.com\/index.php\/wp-json\/wp\/v2\/media?parent=2750"}],"wp:term":[{"taxonomy":"category","embeddable":true,"href":"https:\/\/adaletdosyasi.com\/index.php\/wp-json\/wp\/v2\/categories?post=2750"},{"taxonomy":"post_tag","embeddable":true,"href":"https:\/\/adaletdosyasi.com\/index.php\/wp-json\/wp\/v2\/tags?post=2750"}],"curies":[{"name":"wp","href":"https:\/\/api.w.org\/{rel}","templated":true}]}}