{"id":2720,"date":"2026-09-05T08:06:11","date_gmt":"2026-09-05T05:06:11","guid":{"rendered":"https:\/\/adaletdosyasi.com\/index.php\/gundem\/atama-ve-gorevden-alma-kararlari-resmi-gazetede-yayimlandi\/"},"modified":"2026-09-05T08:06:11","modified_gmt":"2026-09-05T05:06:11","slug":"atama-ve-gorevden-alma-kararlari-resmi-gazetede-yayimlandi","status":"publish","type":"post","link":"https:\/\/adaletdosyasi.com\/index.php\/gundem\/atama-ve-gorevden-alma-kararlari-resmi-gazetede-yayimlandi\/","title":{"rendered":"Atama ve g\u00f6revden alma kararlar\u0131 Resmi Gazete&#039;de yay\u0131mland\u0131"},"content":{"rendered":"<p>Cumhurba\u015fkan\u0131 Recep Tayyip Erdo\u011fan&#039;\u0131n imzas\u0131yla yay\u0131mlanan kararlara g\u00f6re, Diyanet \u0130\u015fleri Ba\u015fkanl\u0131\u011f\u0131 Diyanet Akademisi Ba\u015fkan\u0131 Enver Osman Kaan g\u00f6revden al\u0131n\u0131rken, yerine Ahmet Bostanc\u0131 atand\u0131. Kararla, Aile ve Sosyal Hizmetler Bakanl\u0131\u011f\u0131 ve K\u00fclt\u00fcr ve Turizm Bakanl\u0131\u011f\u0131na da atamalar yap\u0131ld\u0131.<\/p>\n<p><strong>Kaynak:<\/strong> TRT Haber \u2014 <a href=\"https:\/\/www.trthaber.com\/haber\/gundem\/atama-ve-gorevden-alma-kararlari-resmi-gazetede-yayimlandi-955946.html\" target=\"_blank\" rel=\"nofollow noopener\">Haberin devam\u0131n\u0131 \u00f6zg\u00fcn kayna\u011f\u0131nda oku<\/a><\/p>\n","protected":false},"excerpt":{"rendered":"<p>Cumhurba\u015fkan\u0131 Recep Tayyip Erdo\u011fan&#8217;\u0131n imzas\u0131yla yay\u0131mlanan kararlara g\u00f6re, Diyanet \u0130\u015fleri Ba\u015fkanl\u0131\u011f\u0131 Diyanet Akademisi Ba\u015fkan\u0131 Enver Osman Kaan g\u00f6revden al\u0131n\u0131rken, yerine Ahmet Bostanc\u0131 atand\u0131. Kararla, Aile ve Sosyal Hizmetler Bakanl\u0131\u011f\u0131 ve K\u00fclt\u00fcr ve\u2026<\/p>\n","protected":false},"author":0,"featured_media":2721,"comment_status":"closed","ping_status":"closed","sticky":false,"template":"","format":"standard","meta":{"footnotes":""},"categories":[2,5],"tags":[],"class_list":["post-2720","post","type-post","status-publish","format-standard","has-post-thumbnail","hentry","category-gundem","category-siyaset"],"blocksy_meta":{"styles_descriptor":{"styles":{"desktop":"","tablet":"","mobile":""},"google_fonts":[],"version":7}},"_links":{"self":[{"href":"https:\/\/adaletdosyasi.com\/index.php\/wp-json\/wp\/v2\/posts\/2720","targetHints":{"allow":["GET"]}}],"collection":[{"href":"https:\/\/adaletdosyasi.com\/index.php\/wp-json\/wp\/v2\/posts"}],"about":[{"href":"https:\/\/adaletdosyasi.com\/index.php\/wp-json\/wp\/v2\/types\/post"}],"replies":[{"embeddable":true,"href":"https:\/\/adaletdosyasi.com\/index.php\/wp-json\/wp\/v2\/comments?post=2720"}],"version-history":[{"count":0,"href":"https:\/\/adaletdosyasi.com\/index.php\/wp-json\/wp\/v2\/posts\/2720\/revisions"}],"wp:featuredmedia":[{"embeddable":true,"href":"https:\/\/adaletdosyasi.com\/index.php\/wp-json\/wp\/v2\/media\/2721"}],"wp:attachment":[{"href":"https:\/\/adaletdosyasi.com\/index.php\/wp-json\/wp\/v2\/media?parent=2720"}],"wp:term":[{"taxonomy":"category","embeddable":true,"href":"https:\/\/adaletdosyasi.com\/index.php\/wp-json\/wp\/v2\/categories?post=2720"},{"taxonomy":"post_tag","embeddable":true,"href":"https:\/\/adaletdosyasi.com\/index.php\/wp-json\/wp\/v2\/tags?post=2720"}],"curies":[{"name":"wp","href":"https:\/\/api.w.org\/{rel}","templated":true}]}}