{"id":2714,"date":"2026-09-05T07:03:48","date_gmt":"2026-09-05T04:03:48","guid":{"rendered":"https:\/\/adaletdosyasi.com\/index.php\/gundem\/bakan-gurlek-adalete-hizli-ve-kolay-eris-icin-yargi-hizmetlerimizi-guclendirmeye-devam-ediyoruz\/"},"modified":"2026-09-05T07:03:48","modified_gmt":"2026-09-05T04:03:48","slug":"bakan-gurlek-adalete-hizli-ve-kolay-eris-icin-yargi-hizmetlerimizi-guclendirmeye-devam-ediyoruz","status":"publish","type":"post","link":"https:\/\/adaletdosyasi.com\/index.php\/gundem\/bakan-gurlek-adalete-hizli-ve-kolay-eris-icin-yargi-hizmetlerimizi-guclendirmeye-devam-ediyoruz\/","title":{"rendered":"Bakan G\u00fcrlek: Adalete h\u0131zl\u0131 ve kolay eri\u015f i\u00e7in yarg\u0131 hizmetlerimizi g\u00fc\u00e7lendirmeye devam ediyoruz"},"content":{"rendered":"<p>Hakimler ve Savc\u0131lar Kurulu baz\u0131 mahkemeler ile infaz hakimliklerinin yarg\u0131 \u00e7evrelerini yeniden belirledi. Adalet Bakan\u0131 Ak\u0131n G\u00fcrlek &quot;Vatanda\u015flar\u0131m\u0131z\u0131n adalete daha h\u0131zl\u0131 ve kolay eri\u015fimini sa\u011flamak amac\u0131yla yarg\u0131 hizmetlerimizi g\u00fc\u00e7lendirmeye devam ediyoruz&quot; dedi.<\/p>\n<p><strong>Kaynak:<\/strong> TRT Haber \u2014 <a href=\"https:\/\/www.trthaber.com\/haber\/gundem\/bakan-gurlek-adalete-hizli-ve-kolay-eris-icin-yargi-hizmetlerimizi-guclendirmeye-devam-ediyoruz-955949.html\" target=\"_blank\" rel=\"nofollow noopener\">Haberin devam\u0131n\u0131 \u00f6zg\u00fcn kayna\u011f\u0131nda oku<\/a><\/p>\n","protected":false},"excerpt":{"rendered":"<p>Hakimler ve Savc\u0131lar Kurulu baz\u0131 mahkemeler ile infaz hakimliklerinin yarg\u0131 \u00e7evrelerini yeniden belirledi. Adalet Bakan\u0131 Ak\u0131n G\u00fcrlek &#8220;Vatanda\u015flar\u0131m\u0131z\u0131n adalete daha h\u0131zl\u0131 ve kolay eri\u015fimini sa\u011flamak amac\u0131yla yarg\u0131 hizmetlerimizi g\u00fc\u00e7lendirmeye devam ediyoruz&#8221; dedi.<\/p>\n","protected":false},"author":0,"featured_media":2715,"comment_status":"closed","ping_status":"closed","sticky":false,"template":"","format":"standard","meta":{"footnotes":""},"categories":[15,2],"tags":[],"class_list":["post-2714","post","type-post","status-publish","format-standard","has-post-thumbnail","hentry","category-cevre","category-gundem"],"blocksy_meta":{"styles_descriptor":{"styles":{"desktop":"","tablet":"","mobile":""},"google_fonts":[],"version":7}},"_links":{"self":[{"href":"https:\/\/adaletdosyasi.com\/index.php\/wp-json\/wp\/v2\/posts\/2714","targetHints":{"allow":["GET"]}}],"collection":[{"href":"https:\/\/adaletdosyasi.com\/index.php\/wp-json\/wp\/v2\/posts"}],"about":[{"href":"https:\/\/adaletdosyasi.com\/index.php\/wp-json\/wp\/v2\/types\/post"}],"replies":[{"embeddable":true,"href":"https:\/\/adaletdosyasi.com\/index.php\/wp-json\/wp\/v2\/comments?post=2714"}],"version-history":[{"count":0,"href":"https:\/\/adaletdosyasi.com\/index.php\/wp-json\/wp\/v2\/posts\/2714\/revisions"}],"wp:featuredmedia":[{"embeddable":true,"href":"https:\/\/adaletdosyasi.com\/index.php\/wp-json\/wp\/v2\/media\/2715"}],"wp:attachment":[{"href":"https:\/\/adaletdosyasi.com\/index.php\/wp-json\/wp\/v2\/media?parent=2714"}],"wp:term":[{"taxonomy":"category","embeddable":true,"href":"https:\/\/adaletdosyasi.com\/index.php\/wp-json\/wp\/v2\/categories?post=2714"},{"taxonomy":"post_tag","embeddable":true,"href":"https:\/\/adaletdosyasi.com\/index.php\/wp-json\/wp\/v2\/tags?post=2714"}],"curies":[{"name":"wp","href":"https:\/\/api.w.org\/{rel}","templated":true}]}}