{"id":2672,"date":"2026-09-04T22:03:43","date_gmt":"2026-09-04T19:03:43","guid":{"rendered":"https:\/\/adaletdosyasi.com\/index.php\/gundem\/istanbula-evde-bakim-yardimi-icin-64-milyar-lira-aktarildi\/"},"modified":"2026-09-04T22:03:43","modified_gmt":"2026-09-04T19:03:43","slug":"istanbula-evde-bakim-yardimi-icin-64-milyar-lira-aktarildi","status":"publish","type":"post","link":"https:\/\/adaletdosyasi.com\/index.php\/gundem\/istanbula-evde-bakim-yardimi-icin-64-milyar-lira-aktarildi\/","title":{"rendered":"\u0130stanbul&#039;a evde bak\u0131m yard\u0131m\u0131 i\u00e7in 6,4 milyar lira aktar\u0131ld\u0131"},"content":{"rendered":"<p>Aile ve Sosyal Hizmetler Bakan\u0131 Mahinur \u00d6zdemir G\u00f6kta\u015f, &quot;\u0130stanbul&#039;a ocak ay\u0131ndan bug\u00fcne evde bak\u0131m yard\u0131m\u0131 kapsam\u0131nda 6,4 milyar lira kaynak aktard\u0131k. T\u00fcrkiye genelinde 516 bin hanemiz, evde bak\u0131m yard\u0131m\u0131yla b\u00fcy\u00fc\u011f\u00fcne, ya\u015fl\u0131s\u0131na, engellisine bu kapsamda destek oluyor.&quot; dedi.<\/p>\n<p><strong>Kaynak:<\/strong> TRT Haber \u2014 <a href=\"https:\/\/www.trthaber.com\/haber\/turkiye\/istanbula-evde-bakim-yardimi-icin-64-milyar-lira-aktarildi-955895.html\" target=\"_blank\" rel=\"nofollow noopener\">Haberin devam\u0131n\u0131 \u00f6zg\u00fcn kayna\u011f\u0131nda oku<\/a><\/p>\n","protected":false},"excerpt":{"rendered":"<p>Aile ve Sosyal Hizmetler Bakan\u0131 Mahinur \u00d6zdemir G\u00f6kta\u015f, &#8220;\u0130stanbul&#8217;a ocak ay\u0131ndan bug\u00fcne evde bak\u0131m yard\u0131m\u0131 kapsam\u0131nda 6,4 milyar lira kaynak aktard\u0131k. T\u00fcrkiye genelinde 516 bin hanemiz, evde bak\u0131m yard\u0131m\u0131yla b\u00fcy\u00fc\u011f\u00fcne, ya\u015fl\u0131s\u0131na, engellisine\u2026<\/p>\n","protected":false},"author":0,"featured_media":2673,"comment_status":"closed","ping_status":"closed","sticky":false,"template":"","format":"standard","meta":{"footnotes":""},"categories":[2],"tags":[],"class_list":["post-2672","post","type-post","status-publish","format-standard","has-post-thumbnail","hentry","category-gundem"],"blocksy_meta":{"styles_descriptor":{"styles":{"desktop":"","tablet":"","mobile":""},"google_fonts":[],"version":7}},"_links":{"self":[{"href":"https:\/\/adaletdosyasi.com\/index.php\/wp-json\/wp\/v2\/posts\/2672","targetHints":{"allow":["GET"]}}],"collection":[{"href":"https:\/\/adaletdosyasi.com\/index.php\/wp-json\/wp\/v2\/posts"}],"about":[{"href":"https:\/\/adaletdosyasi.com\/index.php\/wp-json\/wp\/v2\/types\/post"}],"replies":[{"embeddable":true,"href":"https:\/\/adaletdosyasi.com\/index.php\/wp-json\/wp\/v2\/comments?post=2672"}],"version-history":[{"count":0,"href":"https:\/\/adaletdosyasi.com\/index.php\/wp-json\/wp\/v2\/posts\/2672\/revisions"}],"wp:featuredmedia":[{"embeddable":true,"href":"https:\/\/adaletdosyasi.com\/index.php\/wp-json\/wp\/v2\/media\/2673"}],"wp:attachment":[{"href":"https:\/\/adaletdosyasi.com\/index.php\/wp-json\/wp\/v2\/media?parent=2672"}],"wp:term":[{"taxonomy":"category","embeddable":true,"href":"https:\/\/adaletdosyasi.com\/index.php\/wp-json\/wp\/v2\/categories?post=2672"},{"taxonomy":"post_tag","embeddable":true,"href":"https:\/\/adaletdosyasi.com\/index.php\/wp-json\/wp\/v2\/tags?post=2672"}],"curies":[{"name":"wp","href":"https:\/\/api.w.org\/{rel}","templated":true}]}}