{"id":2606,"date":"2026-09-04T08:03:57","date_gmt":"2026-09-04T05:03:57","guid":{"rendered":"https:\/\/adaletdosyasi.com\/index.php\/gundem\/sirnaktaki-trafik-kazasinda-yaralanan-polis-memuru-sehit-oldu\/"},"modified":"2026-09-04T08:03:57","modified_gmt":"2026-09-04T05:03:57","slug":"sirnaktaki-trafik-kazasinda-yaralanan-polis-memuru-sehit-oldu","status":"publish","type":"post","link":"https:\/\/adaletdosyasi.com\/index.php\/gundem\/sirnaktaki-trafik-kazasinda-yaralanan-polis-memuru-sehit-oldu\/","title":{"rendered":"\u015e\u0131rnak&#039;taki trafik kazas\u0131nda yaralanan polis memuru \u015fehit oldu"},"content":{"rendered":"<p>\u0130\u00e7i\u015fleri Bakan\u0131 Mustafa \u00c7ift\u00e7i, \u015e\u0131rnak&#039;ta g\u00f6revi ba\u015f\u0131ndayken trafik kazas\u0131nda yaralanan polis memuru Melih Kaygusuz&#039;un \u015fehit oldu\u011funu duyurdu.<\/p>\n<p><strong>Kaynak:<\/strong> TRT Haber \u2014 <a href=\"https:\/\/www.trthaber.com\/haber\/turkiye\/sirnaktaki-trafik-kazasinda-yaralanan-polis-memuru-sehit-oldu-955837.html\" target=\"_blank\" rel=\"nofollow noopener\">Haberin devam\u0131n\u0131 \u00f6zg\u00fcn kayna\u011f\u0131nda oku<\/a><\/p>\n","protected":false},"excerpt":{"rendered":"<p>\u0130\u00e7i\u015fleri Bakan\u0131 Mustafa \u00c7ift\u00e7i, \u015e\u0131rnak&#8217;ta g\u00f6revi ba\u015f\u0131ndayken trafik kazas\u0131nda yaralanan polis memuru Melih Kaygusuz&#8217;un \u015fehit oldu\u011funu duyurdu.<\/p>\n","protected":false},"author":0,"featured_media":2607,"comment_status":"closed","ping_status":"closed","sticky":false,"template":"","format":"standard","meta":{"footnotes":""},"categories":[2],"tags":[],"class_list":["post-2606","post","type-post","status-publish","format-standard","has-post-thumbnail","hentry","category-gundem"],"blocksy_meta":{"styles_descriptor":{"styles":{"desktop":"","tablet":"","mobile":""},"google_fonts":[],"version":7}},"_links":{"self":[{"href":"https:\/\/adaletdosyasi.com\/index.php\/wp-json\/wp\/v2\/posts\/2606","targetHints":{"allow":["GET"]}}],"collection":[{"href":"https:\/\/adaletdosyasi.com\/index.php\/wp-json\/wp\/v2\/posts"}],"about":[{"href":"https:\/\/adaletdosyasi.com\/index.php\/wp-json\/wp\/v2\/types\/post"}],"replies":[{"embeddable":true,"href":"https:\/\/adaletdosyasi.com\/index.php\/wp-json\/wp\/v2\/comments?post=2606"}],"version-history":[{"count":0,"href":"https:\/\/adaletdosyasi.com\/index.php\/wp-json\/wp\/v2\/posts\/2606\/revisions"}],"wp:featuredmedia":[{"embeddable":true,"href":"https:\/\/adaletdosyasi.com\/index.php\/wp-json\/wp\/v2\/media\/2607"}],"wp:attachment":[{"href":"https:\/\/adaletdosyasi.com\/index.php\/wp-json\/wp\/v2\/media?parent=2606"}],"wp:term":[{"taxonomy":"category","embeddable":true,"href":"https:\/\/adaletdosyasi.com\/index.php\/wp-json\/wp\/v2\/categories?post=2606"},{"taxonomy":"post_tag","embeddable":true,"href":"https:\/\/adaletdosyasi.com\/index.php\/wp-json\/wp\/v2\/tags?post=2606"}],"curies":[{"name":"wp","href":"https:\/\/api.w.org\/{rel}","templated":true}]}}