{"id":2570,"date":"2026-09-04T01:04:23","date_gmt":"2026-09-03T22:04:23","guid":{"rendered":"https:\/\/adaletdosyasi.com\/index.php\/ekonomi\/turkiyede-gelecek-yil-323-fuar-duzenlenecek\/"},"modified":"2026-09-04T01:04:23","modified_gmt":"2026-09-03T22:04:23","slug":"turkiyede-gelecek-yil-323-fuar-duzenlenecek","status":"publish","type":"post","link":"https:\/\/adaletdosyasi.com\/index.php\/ekonomi\/turkiyede-gelecek-yil-323-fuar-duzenlenecek\/","title":{"rendered":"T\u00fcrkiye&#039;de gelecek y\u0131l 323 fuar d\u00fczenlenecek"},"content":{"rendered":"<p>T\u00fcrkiye genelinde gelecek y\u0131l 99&#039;u uluslararas\u0131 olmak \u00fczere 323 fuar organize edilecek.<\/p>\n<p><strong>Kaynak:<\/strong> TRT Haber \u2014 <a href=\"https:\/\/www.trthaber.com\/haber\/ekonomi\/turkiyede-gelecek-yil-323-fuar-duzenlenecek-955772.html\" target=\"_blank\" rel=\"nofollow noopener\">Haberin devam\u0131n\u0131 \u00f6zg\u00fcn kayna\u011f\u0131nda oku<\/a><\/p>\n","protected":false},"excerpt":{"rendered":"<p>T\u00fcrkiye genelinde gelecek y\u0131l 99&#8217;u uluslararas\u0131 olmak \u00fczere 323 fuar organize edilecek.<\/p>\n","protected":false},"author":0,"featured_media":2571,"comment_status":"closed","ping_status":"closed","sticky":false,"template":"","format":"standard","meta":{"footnotes":""},"categories":[6],"tags":[],"class_list":["post-2570","post","type-post","status-publish","format-standard","has-post-thumbnail","hentry","category-ekonomi"],"blocksy_meta":{"styles_descriptor":{"styles":{"desktop":"","tablet":"","mobile":""},"google_fonts":[],"version":7}},"_links":{"self":[{"href":"https:\/\/adaletdosyasi.com\/index.php\/wp-json\/wp\/v2\/posts\/2570","targetHints":{"allow":["GET"]}}],"collection":[{"href":"https:\/\/adaletdosyasi.com\/index.php\/wp-json\/wp\/v2\/posts"}],"about":[{"href":"https:\/\/adaletdosyasi.com\/index.php\/wp-json\/wp\/v2\/types\/post"}],"replies":[{"embeddable":true,"href":"https:\/\/adaletdosyasi.com\/index.php\/wp-json\/wp\/v2\/comments?post=2570"}],"version-history":[{"count":0,"href":"https:\/\/adaletdosyasi.com\/index.php\/wp-json\/wp\/v2\/posts\/2570\/revisions"}],"wp:featuredmedia":[{"embeddable":true,"href":"https:\/\/adaletdosyasi.com\/index.php\/wp-json\/wp\/v2\/media\/2571"}],"wp:attachment":[{"href":"https:\/\/adaletdosyasi.com\/index.php\/wp-json\/wp\/v2\/media?parent=2570"}],"wp:term":[{"taxonomy":"category","embeddable":true,"href":"https:\/\/adaletdosyasi.com\/index.php\/wp-json\/wp\/v2\/categories?post=2570"},{"taxonomy":"post_tag","embeddable":true,"href":"https:\/\/adaletdosyasi.com\/index.php\/wp-json\/wp\/v2\/tags?post=2570"}],"curies":[{"name":"wp","href":"https:\/\/api.w.org\/{rel}","templated":true}]}}