{"id":2494,"date":"2026-09-03T11:05:35","date_gmt":"2026-09-03T08:05:35","guid":{"rendered":"https:\/\/adaletdosyasi.com\/index.php\/dunya\/guterres-abd-ile-iran-arasindaki-saldirilardan-dolayi-son-derece-endise-duydugunu-acikladi\/"},"modified":"2026-09-03T11:05:35","modified_gmt":"2026-09-03T08:05:35","slug":"guterres-abd-ile-iran-arasindaki-saldirilardan-dolayi-son-derece-endise-duydugunu-acikladi","status":"publish","type":"post","link":"https:\/\/adaletdosyasi.com\/index.php\/dunya\/guterres-abd-ile-iran-arasindaki-saldirilardan-dolayi-son-derece-endise-duydugunu-acikladi\/","title":{"rendered":"Guterres, ABD ile \u0130ran aras\u0131ndaki sald\u0131r\u0131lardan dolay\u0131 son derece endi\u015fe duydu\u011funu a\u00e7\u0131klad\u0131"},"content":{"rendered":"<p>Birle\u015fmi\u015f Milletler (BM) Genel Sekreteri Antonio Guterres, ABD ile \u0130ran aras\u0131nda yeniden ba\u015flayan sald\u0131r\u0131lardan dolay\u0131 &quot;son derece endi\u015fe&quot; duydu\u011funu bildirdi.<\/p>\n<p><strong>Kaynak:<\/strong> TRT Haber \u2014 <a href=\"https:\/\/www.trthaber.com\/haber\/dunya\/guterres-abd-ile-iran-arasindaki-saldirilardan-dolayi-son-derece-endise-duydugunu-acikladi-955719.html\" target=\"_blank\" rel=\"nofollow noopener\">Haberin devam\u0131n\u0131 \u00f6zg\u00fcn kayna\u011f\u0131nda oku<\/a><\/p>\n","protected":false},"excerpt":{"rendered":"<p>Birle\u015fmi\u015f Milletler (BM) Genel Sekreteri Antonio Guterres, ABD ile \u0130ran aras\u0131nda yeniden ba\u015flayan sald\u0131r\u0131lardan dolay\u0131 &#8220;son derece endi\u015fe&#8221; duydu\u011funu bildirdi.<\/p>\n","protected":false},"author":0,"featured_media":2495,"comment_status":"closed","ping_status":"closed","sticky":false,"template":"","format":"standard","meta":{"footnotes":""},"categories":[7],"tags":[],"class_list":["post-2494","post","type-post","status-publish","format-standard","has-post-thumbnail","hentry","category-dunya"],"blocksy_meta":{"styles_descriptor":{"styles":{"desktop":"","tablet":"","mobile":""},"google_fonts":[],"version":7}},"_links":{"self":[{"href":"https:\/\/adaletdosyasi.com\/index.php\/wp-json\/wp\/v2\/posts\/2494","targetHints":{"allow":["GET"]}}],"collection":[{"href":"https:\/\/adaletdosyasi.com\/index.php\/wp-json\/wp\/v2\/posts"}],"about":[{"href":"https:\/\/adaletdosyasi.com\/index.php\/wp-json\/wp\/v2\/types\/post"}],"replies":[{"embeddable":true,"href":"https:\/\/adaletdosyasi.com\/index.php\/wp-json\/wp\/v2\/comments?post=2494"}],"version-history":[{"count":0,"href":"https:\/\/adaletdosyasi.com\/index.php\/wp-json\/wp\/v2\/posts\/2494\/revisions"}],"wp:featuredmedia":[{"embeddable":true,"href":"https:\/\/adaletdosyasi.com\/index.php\/wp-json\/wp\/v2\/media\/2495"}],"wp:attachment":[{"href":"https:\/\/adaletdosyasi.com\/index.php\/wp-json\/wp\/v2\/media?parent=2494"}],"wp:term":[{"taxonomy":"category","embeddable":true,"href":"https:\/\/adaletdosyasi.com\/index.php\/wp-json\/wp\/v2\/categories?post=2494"},{"taxonomy":"post_tag","embeddable":true,"href":"https:\/\/adaletdosyasi.com\/index.php\/wp-json\/wp\/v2\/tags?post=2494"}],"curies":[{"name":"wp","href":"https:\/\/api.w.org\/{rel}","templated":true}]}}