{"id":2452,"date":"2026-09-03T04:08:05","date_gmt":"2026-09-03T01:08:05","guid":{"rendered":"https:\/\/adaletdosyasi.com\/index.php\/gundem\/karabukte-dairede-cikan-yanginda-2-kisi-dumandan-etkilendi\/"},"modified":"2026-09-03T04:08:05","modified_gmt":"2026-09-03T01:08:05","slug":"karabukte-dairede-cikan-yanginda-2-kisi-dumandan-etkilendi","status":"publish","type":"post","link":"https:\/\/adaletdosyasi.com\/index.php\/gundem\/karabukte-dairede-cikan-yanginda-2-kisi-dumandan-etkilendi\/","title":{"rendered":"Karab\u00fck&#039;te dairede \u00e7\u0131kan yang\u0131nda 2 ki\u015fi dumandan etkilendi"},"content":{"rendered":"<p>Karab\u00fck&#039;te apartman dairesinde \u00e7\u0131kan yang\u0131nda dumandan etkilenen 2 ki\u015fi hastaneye kald\u0131r\u0131ld\u0131.<\/p>\n<p><strong>Kaynak:<\/strong> TRT Haber \u2014 <a href=\"https:\/\/www.trthaber.com\/haber\/turkiye\/karabukte-dairede-cikan-yanginda-2-kisi-dumandan-etkilendi-955728.html\" target=\"_blank\" rel=\"nofollow noopener\">Haberin devam\u0131n\u0131 \u00f6zg\u00fcn kayna\u011f\u0131nda oku<\/a><\/p>\n","protected":false},"excerpt":{"rendered":"<p>Karab\u00fck&#8217;te apartman dairesinde \u00e7\u0131kan yang\u0131nda dumandan etkilenen 2 ki\u015fi hastaneye kald\u0131r\u0131ld\u0131.<\/p>\n","protected":false},"author":0,"featured_media":2453,"comment_status":"closed","ping_status":"closed","sticky":false,"template":"","format":"standard","meta":{"footnotes":""},"categories":[15,2],"tags":[],"class_list":["post-2452","post","type-post","status-publish","format-standard","has-post-thumbnail","hentry","category-cevre","category-gundem"],"blocksy_meta":{"styles_descriptor":{"styles":{"desktop":"","tablet":"","mobile":""},"google_fonts":[],"version":7}},"_links":{"self":[{"href":"https:\/\/adaletdosyasi.com\/index.php\/wp-json\/wp\/v2\/posts\/2452","targetHints":{"allow":["GET"]}}],"collection":[{"href":"https:\/\/adaletdosyasi.com\/index.php\/wp-json\/wp\/v2\/posts"}],"about":[{"href":"https:\/\/adaletdosyasi.com\/index.php\/wp-json\/wp\/v2\/types\/post"}],"replies":[{"embeddable":true,"href":"https:\/\/adaletdosyasi.com\/index.php\/wp-json\/wp\/v2\/comments?post=2452"}],"version-history":[{"count":0,"href":"https:\/\/adaletdosyasi.com\/index.php\/wp-json\/wp\/v2\/posts\/2452\/revisions"}],"wp:featuredmedia":[{"embeddable":true,"href":"https:\/\/adaletdosyasi.com\/index.php\/wp-json\/wp\/v2\/media\/2453"}],"wp:attachment":[{"href":"https:\/\/adaletdosyasi.com\/index.php\/wp-json\/wp\/v2\/media?parent=2452"}],"wp:term":[{"taxonomy":"category","embeddable":true,"href":"https:\/\/adaletdosyasi.com\/index.php\/wp-json\/wp\/v2\/categories?post=2452"},{"taxonomy":"post_tag","embeddable":true,"href":"https:\/\/adaletdosyasi.com\/index.php\/wp-json\/wp\/v2\/tags?post=2452"}],"curies":[{"name":"wp","href":"https:\/\/api.w.org\/{rel}","templated":true}]}}