{"id":2434,"date":"2026-09-02T23:05:27","date_gmt":"2026-09-02T20:05:27","guid":{"rendered":"https:\/\/adaletdosyasi.com\/index.php\/gundem\/losemiyi-yenen-universite-ogrencisi-trafik-kazasinda-hayatini-kaybetti\/"},"modified":"2026-09-02T23:05:27","modified_gmt":"2026-09-02T20:05:27","slug":"losemiyi-yenen-universite-ogrencisi-trafik-kazasinda-hayatini-kaybetti","status":"publish","type":"post","link":"https:\/\/adaletdosyasi.com\/index.php\/gundem\/losemiyi-yenen-universite-ogrencisi-trafik-kazasinda-hayatini-kaybetti\/","title":{"rendered":"L\u00f6semiyi yenen \u00fcniversite \u00f6\u011frencisi trafik kazas\u0131nda hayat\u0131n\u0131 kaybetti"},"content":{"rendered":"<p>Ankara&#039;da 2 y\u0131ll\u0131k tedaviyle l\u00f6semiyi yenen Orta Do\u011fu Teknik \u00dcniversitesi (ODT\u00dc) \u00f6\u011frencisi Mert Do\u011fan Ayd\u0131n, yolun kar\u015f\u0131s\u0131na ge\u00e7erken alkoll\u00fc oldu\u011fu \u00f6ne s\u00fcr\u00fclen s\u00fcr\u00fcc\u00fcn\u00fcn kulland\u0131\u011f\u0131 otomobilin \u00e7arpmas\u0131 sonucu hayat\u0131n\u0131 kaybetti.<\/p>\n<p><strong>Kaynak:<\/strong> TRT Haber \u2014 <a href=\"https:\/\/www.trthaber.com\/haber\/turkiye\/losemiyi-yenen-universite-ogrencisi-trafik-kazasinda-hayatini-kaybetti-955640.html\" target=\"_blank\" rel=\"nofollow noopener\">Haberin devam\u0131n\u0131 \u00f6zg\u00fcn kayna\u011f\u0131nda oku<\/a><\/p>\n","protected":false},"excerpt":{"rendered":"<p>Ankara&#8217;da 2 y\u0131ll\u0131k tedaviyle l\u00f6semiyi yenen Orta Do\u011fu Teknik \u00dcniversitesi (ODT\u00dc) \u00f6\u011frencisi Mert Do\u011fan Ayd\u0131n, yolun kar\u015f\u0131s\u0131na ge\u00e7erken alkoll\u00fc oldu\u011fu \u00f6ne s\u00fcr\u00fclen s\u00fcr\u00fcc\u00fcn\u00fcn kulland\u0131\u011f\u0131 otomobilin \u00e7arpmas\u0131 sonucu hayat\u0131n\u0131 kaybetti.<\/p>\n","protected":false},"author":0,"featured_media":2435,"comment_status":"closed","ping_status":"closed","sticky":false,"template":"","format":"standard","meta":{"footnotes":""},"categories":[14,2],"tags":[],"class_list":["post-2434","post","type-post","status-publish","format-standard","has-post-thumbnail","hentry","category-egitim","category-gundem"],"blocksy_meta":{"styles_descriptor":{"styles":{"desktop":"","tablet":"","mobile":""},"google_fonts":[],"version":7}},"_links":{"self":[{"href":"https:\/\/adaletdosyasi.com\/index.php\/wp-json\/wp\/v2\/posts\/2434","targetHints":{"allow":["GET"]}}],"collection":[{"href":"https:\/\/adaletdosyasi.com\/index.php\/wp-json\/wp\/v2\/posts"}],"about":[{"href":"https:\/\/adaletdosyasi.com\/index.php\/wp-json\/wp\/v2\/types\/post"}],"replies":[{"embeddable":true,"href":"https:\/\/adaletdosyasi.com\/index.php\/wp-json\/wp\/v2\/comments?post=2434"}],"version-history":[{"count":0,"href":"https:\/\/adaletdosyasi.com\/index.php\/wp-json\/wp\/v2\/posts\/2434\/revisions"}],"wp:featuredmedia":[{"embeddable":true,"href":"https:\/\/adaletdosyasi.com\/index.php\/wp-json\/wp\/v2\/media\/2435"}],"wp:attachment":[{"href":"https:\/\/adaletdosyasi.com\/index.php\/wp-json\/wp\/v2\/media?parent=2434"}],"wp:term":[{"taxonomy":"category","embeddable":true,"href":"https:\/\/adaletdosyasi.com\/index.php\/wp-json\/wp\/v2\/categories?post=2434"},{"taxonomy":"post_tag","embeddable":true,"href":"https:\/\/adaletdosyasi.com\/index.php\/wp-json\/wp\/v2\/tags?post=2434"}],"curies":[{"name":"wp","href":"https:\/\/api.w.org\/{rel}","templated":true}]}}