{"id":2408,"date":"2026-09-02T20:05:08","date_gmt":"2026-09-02T17:05:08","guid":{"rendered":"https:\/\/adaletdosyasi.com\/index.php\/gundem\/girne-aciklarinda-batan-gemiye-ulasildi\/"},"modified":"2026-09-02T20:05:08","modified_gmt":"2026-09-02T17:05:08","slug":"girne-aciklarinda-batan-gemiye-ulasildi","status":"publish","type":"post","link":"https:\/\/adaletdosyasi.com\/index.php\/gundem\/girne-aciklarinda-batan-gemiye-ulasildi\/","title":{"rendered":"Girne a\u00e7\u0131klar\u0131nda batan gemiye ula\u015f\u0131ld\u0131"},"content":{"rendered":"<p>KKTC Cumhurba\u015fkan\u0131 Tufan Erh\u00fcrman, Girne a\u00e7\u0131klar\u0131nda ge\u00e7en pazar g\u00fcn\u00fc alabora olan yolcu gemisinin enkaz\u0131na ula\u015f\u0131ld\u0131\u011f\u0131n\u0131 a\u00e7\u0131klad\u0131. Ba\u015fbakan \u00dcnal \u00dcstel de &quot;TCG Alemdar&quot; ile yolcu gemisinin enkaz\u0131n\u0131n tespit edildi\u011fini belirtti.<\/p>\n<p><strong>Kaynak:<\/strong> TRT Haber \u2014 <a href=\"https:\/\/www.trthaber.com\/haber\/gundem\/girne-aciklarinda-batan-gemiye-ulasildi-955649.html\" target=\"_blank\" rel=\"nofollow noopener\">Haberin devam\u0131n\u0131 \u00f6zg\u00fcn kayna\u011f\u0131nda oku<\/a><\/p>\n","protected":false},"excerpt":{"rendered":"<p>KKTC Cumhurba\u015fkan\u0131 Tufan Erh\u00fcrman, Girne a\u00e7\u0131klar\u0131nda ge\u00e7en pazar g\u00fcn\u00fc alabora olan yolcu gemisinin enkaz\u0131na ula\u015f\u0131ld\u0131\u011f\u0131n\u0131 a\u00e7\u0131klad\u0131. Ba\u015fbakan \u00dcnal \u00dcstel de &#8220;TCG Alemdar&#8221; ile yolcu gemisinin enkaz\u0131n\u0131n tespit edildi\u011fini belirtti.<\/p>\n","protected":false},"author":0,"featured_media":2409,"comment_status":"closed","ping_status":"closed","sticky":false,"template":"","format":"standard","meta":{"footnotes":""},"categories":[2,5],"tags":[],"class_list":["post-2408","post","type-post","status-publish","format-standard","has-post-thumbnail","hentry","category-gundem","category-siyaset"],"blocksy_meta":{"styles_descriptor":{"styles":{"desktop":"","tablet":"","mobile":""},"google_fonts":[],"version":7}},"_links":{"self":[{"href":"https:\/\/adaletdosyasi.com\/index.php\/wp-json\/wp\/v2\/posts\/2408","targetHints":{"allow":["GET"]}}],"collection":[{"href":"https:\/\/adaletdosyasi.com\/index.php\/wp-json\/wp\/v2\/posts"}],"about":[{"href":"https:\/\/adaletdosyasi.com\/index.php\/wp-json\/wp\/v2\/types\/post"}],"replies":[{"embeddable":true,"href":"https:\/\/adaletdosyasi.com\/index.php\/wp-json\/wp\/v2\/comments?post=2408"}],"version-history":[{"count":0,"href":"https:\/\/adaletdosyasi.com\/index.php\/wp-json\/wp\/v2\/posts\/2408\/revisions"}],"wp:featuredmedia":[{"embeddable":true,"href":"https:\/\/adaletdosyasi.com\/index.php\/wp-json\/wp\/v2\/media\/2409"}],"wp:attachment":[{"href":"https:\/\/adaletdosyasi.com\/index.php\/wp-json\/wp\/v2\/media?parent=2408"}],"wp:term":[{"taxonomy":"category","embeddable":true,"href":"https:\/\/adaletdosyasi.com\/index.php\/wp-json\/wp\/v2\/categories?post=2408"},{"taxonomy":"post_tag","embeddable":true,"href":"https:\/\/adaletdosyasi.com\/index.php\/wp-json\/wp\/v2\/tags?post=2408"}],"curies":[{"name":"wp","href":"https:\/\/api.w.org\/{rel}","templated":true}]}}