{"id":2332,"date":"2026-09-02T07:10:30","date_gmt":"2026-09-02T04:10:30","guid":{"rendered":"https:\/\/adaletdosyasi.com\/index.php\/gundem\/turkiye-rusyaukrayna-savasinda-gerilimin-artmasindan-endiseli\/"},"modified":"2026-09-02T07:10:30","modified_gmt":"2026-09-02T04:10:30","slug":"turkiye-rusyaukrayna-savasinda-gerilimin-artmasindan-endiseli","status":"publish","type":"post","link":"https:\/\/adaletdosyasi.com\/index.php\/gundem\/turkiye-rusyaukrayna-savasinda-gerilimin-artmasindan-endiseli\/","title":{"rendered":"T\u00fcrkiye, RusyaUkrayna sava\u015f\u0131nda gerilimin artmas\u0131ndan endi\u015feli"},"content":{"rendered":"<p>T\u00fcrkiye&#039;nin Birle\u015fmi\u015f Milletler (BM) Daimi Temsilcisi B\u00fcy\u00fckel\u00e7i Ahmet Y\u0131ld\u0131z, Rusya-Ukrayna sava\u015f\u0131nda gerilimin artmas\u0131ndan endi\u015fe duyduklar\u0131n\u0131 belirterek, &quot;Rusya ile Ukrayna aras\u0131ndaki m\u00fczakere s\u00fcrecini yeniden canland\u0131rmak hayati \u00f6nem ta\u015f\u0131yor.&quot; dedi.<\/p>\n<p><strong>Kaynak:<\/strong> TRT Haber \u2014 <a href=\"https:\/\/www.trthaber.com\/haber\/gundem\/turkiye-rusya-ukrayna-savasinda-gerilimin-artmasindan-endiseli-955590.html\" target=\"_blank\" rel=\"nofollow noopener\">Haberin devam\u0131n\u0131 \u00f6zg\u00fcn kayna\u011f\u0131nda oku<\/a><\/p>\n","protected":false},"excerpt":{"rendered":"<p>T\u00fcrkiye&#8217;nin Birle\u015fmi\u015f Milletler (BM) Daimi Temsilcisi B\u00fcy\u00fckel\u00e7i Ahmet Y\u0131ld\u0131z, Rusya-Ukrayna sava\u015f\u0131nda gerilimin artmas\u0131ndan endi\u015fe duyduklar\u0131n\u0131 belirterek, &#8220;Rusya ile Ukrayna aras\u0131ndaki m\u00fczakere s\u00fcrecini yeniden canland\u0131rmak hayati \u00f6nem ta\u015f\u0131yor.&#8221; dedi.<\/p>\n","protected":false},"author":0,"featured_media":2333,"comment_status":"closed","ping_status":"closed","sticky":false,"template":"","format":"standard","meta":{"footnotes":""},"categories":[2],"tags":[],"class_list":["post-2332","post","type-post","status-publish","format-standard","has-post-thumbnail","hentry","category-gundem"],"blocksy_meta":{"styles_descriptor":{"styles":{"desktop":"","tablet":"","mobile":""},"google_fonts":[],"version":7}},"_links":{"self":[{"href":"https:\/\/adaletdosyasi.com\/index.php\/wp-json\/wp\/v2\/posts\/2332","targetHints":{"allow":["GET"]}}],"collection":[{"href":"https:\/\/adaletdosyasi.com\/index.php\/wp-json\/wp\/v2\/posts"}],"about":[{"href":"https:\/\/adaletdosyasi.com\/index.php\/wp-json\/wp\/v2\/types\/post"}],"replies":[{"embeddable":true,"href":"https:\/\/adaletdosyasi.com\/index.php\/wp-json\/wp\/v2\/comments?post=2332"}],"version-history":[{"count":0,"href":"https:\/\/adaletdosyasi.com\/index.php\/wp-json\/wp\/v2\/posts\/2332\/revisions"}],"wp:featuredmedia":[{"embeddable":true,"href":"https:\/\/adaletdosyasi.com\/index.php\/wp-json\/wp\/v2\/media\/2333"}],"wp:attachment":[{"href":"https:\/\/adaletdosyasi.com\/index.php\/wp-json\/wp\/v2\/media?parent=2332"}],"wp:term":[{"taxonomy":"category","embeddable":true,"href":"https:\/\/adaletdosyasi.com\/index.php\/wp-json\/wp\/v2\/categories?post=2332"},{"taxonomy":"post_tag","embeddable":true,"href":"https:\/\/adaletdosyasi.com\/index.php\/wp-json\/wp\/v2\/tags?post=2332"}],"curies":[{"name":"wp","href":"https:\/\/api.w.org\/{rel}","templated":true}]}}