{"id":2168,"date":"2026-08-31T19:09:21","date_gmt":"2026-08-31T16:09:21","guid":{"rendered":"https:\/\/adaletdosyasi.com\/index.php\/gundem\/12-dev-adam-dunya-kupasi-yolunda-8de-8-icin-parkeye-cikiyor\/"},"modified":"2026-08-31T19:09:21","modified_gmt":"2026-08-31T16:09:21","slug":"12-dev-adam-dunya-kupasi-yolunda-8de-8-icin-parkeye-cikiyor","status":"publish","type":"post","link":"https:\/\/adaletdosyasi.com\/index.php\/gundem\/12-dev-adam-dunya-kupasi-yolunda-8de-8-icin-parkeye-cikiyor\/","title":{"rendered":"12 Dev Adam D\u00fcnya Kupas\u0131 yolunda 8&#039;de 8 i\u00e7in parkeye \u00e7\u0131k\u0131yor"},"content":{"rendered":"<p>A Milli Erkek Basketbol Tak\u0131m\u0131m\u0131z, FIBA 2027 D\u00fcnya Kupas\u0131 Avrupa Elemeleri 2. Tur J Grubu&#039;ndaki ikinci ma\u00e7\u0131nda bug\u00fcn \u0130zlanda&#039;ya konuk olacak. Yoluna 7&#039;de 7 yaparak nama\u011flup devam eden 12 Dev Adam&#039;\u0131n \u0130zlanda m\u00fccadelesi 22.30&#039;da TRT 1&#039;den naklen yay\u0131mlanacak.<\/p>\n<p><strong>Kaynak:<\/strong> TRT Haber \u2014 <a href=\"https:\/\/www.trthaber.com\/haber\/gundem\/12-dev-adam-dunya-kupasi-yolunda-8de-8-icin-parkeye-cikiyor-955420.html\" target=\"_blank\" rel=\"nofollow noopener\">Haberin devam\u0131n\u0131 \u00f6zg\u00fcn kayna\u011f\u0131nda oku<\/a><\/p>\n","protected":false},"excerpt":{"rendered":"<p>A Milli Erkek Basketbol Tak\u0131m\u0131m\u0131z, FIBA 2027 D\u00fcnya Kupas\u0131 Avrupa Elemeleri 2. Tur J Grubu&#8217;ndaki ikinci ma\u00e7\u0131nda bug\u00fcn \u0130zlanda&#8217;ya konuk olacak. Yoluna 7&#8217;de 7 yaparak nama\u011flup devam eden 12 Dev Adam&#8217;\u0131n \u0130zlanda\u2026<\/p>\n","protected":false},"author":0,"featured_media":2169,"comment_status":"closed","ping_status":"closed","sticky":false,"template":"","format":"standard","meta":{"footnotes":""},"categories":[2],"tags":[],"class_list":["post-2168","post","type-post","status-publish","format-standard","has-post-thumbnail","hentry","category-gundem"],"blocksy_meta":{"styles_descriptor":{"styles":{"desktop":"","tablet":"","mobile":""},"google_fonts":[],"version":7}},"_links":{"self":[{"href":"https:\/\/adaletdosyasi.com\/index.php\/wp-json\/wp\/v2\/posts\/2168","targetHints":{"allow":["GET"]}}],"collection":[{"href":"https:\/\/adaletdosyasi.com\/index.php\/wp-json\/wp\/v2\/posts"}],"about":[{"href":"https:\/\/adaletdosyasi.com\/index.php\/wp-json\/wp\/v2\/types\/post"}],"replies":[{"embeddable":true,"href":"https:\/\/adaletdosyasi.com\/index.php\/wp-json\/wp\/v2\/comments?post=2168"}],"version-history":[{"count":0,"href":"https:\/\/adaletdosyasi.com\/index.php\/wp-json\/wp\/v2\/posts\/2168\/revisions"}],"wp:featuredmedia":[{"embeddable":true,"href":"https:\/\/adaletdosyasi.com\/index.php\/wp-json\/wp\/v2\/media\/2169"}],"wp:attachment":[{"href":"https:\/\/adaletdosyasi.com\/index.php\/wp-json\/wp\/v2\/media?parent=2168"}],"wp:term":[{"taxonomy":"category","embeddable":true,"href":"https:\/\/adaletdosyasi.com\/index.php\/wp-json\/wp\/v2\/categories?post=2168"},{"taxonomy":"post_tag","embeddable":true,"href":"https:\/\/adaletdosyasi.com\/index.php\/wp-json\/wp\/v2\/tags?post=2168"}],"curies":[{"name":"wp","href":"https:\/\/api.w.org\/{rel}","templated":true}]}}