{"id":2162,"date":"2026-08-31T18:04:29","date_gmt":"2026-08-31T15:04:29","guid":{"rendered":"https:\/\/adaletdosyasi.com\/index.php\/gundem\/yaz-havasi-geri-donuyor-sicakliklar-mevsim-normallerinin-uzerine-cikacak\/"},"modified":"2026-08-31T18:04:29","modified_gmt":"2026-08-31T15:04:29","slug":"yaz-havasi-geri-donuyor-sicakliklar-mevsim-normallerinin-uzerine-cikacak","status":"publish","type":"post","link":"https:\/\/adaletdosyasi.com\/index.php\/gundem\/yaz-havasi-geri-donuyor-sicakliklar-mevsim-normallerinin-uzerine-cikacak\/","title":{"rendered":"Yaz havas\u0131 geri d\u00f6n\u00fcyor: S\u0131cakl\u0131klar mevsim normallerinin \u00fczerine \u00e7\u0131kacak"},"content":{"rendered":"<p>Ge\u00e7en hafta ani bir d\u00fc\u015f\u00fc\u015fle mevsim normallerinin alt\u0131na inen ve bir\u00e7ok b\u00f6lgede ya\u011f\u0131\u015flara neden olan hava durumu, yeni haftayla birlikte rotas\u0131n\u0131 tekrar &quot;yaz moduna&quot; k\u0131r\u0131yor.<\/p>\n<p><strong>Kaynak:<\/strong> TRT Haber \u2014 <a href=\"https:\/\/www.trthaber.com\/haber\/gundem\/yaz-havasi-geri-donuyor-sicakliklar-mevsim-normallerinin-uzerine-cikacak-955421.html\" target=\"_blank\" rel=\"nofollow noopener\">Haberin devam\u0131n\u0131 \u00f6zg\u00fcn kayna\u011f\u0131nda oku<\/a><\/p>\n","protected":false},"excerpt":{"rendered":"<p>Ge\u00e7en hafta ani bir d\u00fc\u015f\u00fc\u015fle mevsim normallerinin alt\u0131na inen ve bir\u00e7ok b\u00f6lgede ya\u011f\u0131\u015flara neden olan hava durumu, yeni haftayla birlikte rotas\u0131n\u0131 tekrar &#8220;yaz moduna&#8221; k\u0131r\u0131yor.<\/p>\n","protected":false},"author":0,"featured_media":2163,"comment_status":"closed","ping_status":"closed","sticky":false,"template":"","format":"standard","meta":{"footnotes":""},"categories":[2],"tags":[],"class_list":["post-2162","post","type-post","status-publish","format-standard","has-post-thumbnail","hentry","category-gundem"],"blocksy_meta":{"styles_descriptor":{"styles":{"desktop":"","tablet":"","mobile":""},"google_fonts":[],"version":7}},"_links":{"self":[{"href":"https:\/\/adaletdosyasi.com\/index.php\/wp-json\/wp\/v2\/posts\/2162","targetHints":{"allow":["GET"]}}],"collection":[{"href":"https:\/\/adaletdosyasi.com\/index.php\/wp-json\/wp\/v2\/posts"}],"about":[{"href":"https:\/\/adaletdosyasi.com\/index.php\/wp-json\/wp\/v2\/types\/post"}],"replies":[{"embeddable":true,"href":"https:\/\/adaletdosyasi.com\/index.php\/wp-json\/wp\/v2\/comments?post=2162"}],"version-history":[{"count":0,"href":"https:\/\/adaletdosyasi.com\/index.php\/wp-json\/wp\/v2\/posts\/2162\/revisions"}],"wp:featuredmedia":[{"embeddable":true,"href":"https:\/\/adaletdosyasi.com\/index.php\/wp-json\/wp\/v2\/media\/2163"}],"wp:attachment":[{"href":"https:\/\/adaletdosyasi.com\/index.php\/wp-json\/wp\/v2\/media?parent=2162"}],"wp:term":[{"taxonomy":"category","embeddable":true,"href":"https:\/\/adaletdosyasi.com\/index.php\/wp-json\/wp\/v2\/categories?post=2162"},{"taxonomy":"post_tag","embeddable":true,"href":"https:\/\/adaletdosyasi.com\/index.php\/wp-json\/wp\/v2\/tags?post=2162"}],"curies":[{"name":"wp","href":"https:\/\/api.w.org\/{rel}","templated":true}]}}