{"id":2154,"date":"2026-08-31T17:04:02","date_gmt":"2026-08-31T14:04:02","guid":{"rendered":"https:\/\/adaletdosyasi.com\/index.php\/gundem\/girnedeki-feribot-kazasiyla-ilgili-9-kisi-mahkemeye-cikarildi\/"},"modified":"2026-08-31T17:04:02","modified_gmt":"2026-08-31T14:04:02","slug":"girnedeki-feribot-kazasiyla-ilgili-9-kisi-mahkemeye-cikarildi","status":"publish","type":"post","link":"https:\/\/adaletdosyasi.com\/index.php\/gundem\/girnedeki-feribot-kazasiyla-ilgili-9-kisi-mahkemeye-cikarildi\/","title":{"rendered":"Girne&#039;deki feribot kazas\u0131yla ilgili 9 ki\u015fi mahkemeye \u00e7\u0131kar\u0131ld\u0131"},"content":{"rendered":"<p>Girne a\u00e7\u0131klar\u0131nda alabora olan ve 267 ki\u015fiyi ta\u015f\u0131yan feribottaki 241 ki\u015fi kurtar\u0131ld\u0131, 8 ki\u015fi hayat\u0131n\u0131 kaybetti. 18 ki\u015fi i\u00e7in arama kurtarma \u00e7al\u0131\u015fmalar\u0131 s\u00fcr\u00fcyor. Arama \u00e7al\u0131\u015fmalar\u0131 T\u00fcrkiye&#039;den giden 2 \u0130HA ve bir casa tipi u\u00e7akla s\u00fcrd\u00fcr\u00fcl\u00fcyor. Kazayla ilgili 9 ki\u015fi mahkemeye \u00e7\u0131kar\u0131ld\u0131.<\/p>\n<p><strong>Kaynak:<\/strong> TRT Haber \u2014 <a href=\"https:\/\/www.trthaber.com\/haber\/gundem\/girnedeki-feribot-kazasiyla-ilgili-9-kisi-mahkemeye-cikarildi-955429.html\" target=\"_blank\" rel=\"nofollow noopener\">Haberin devam\u0131n\u0131 \u00f6zg\u00fcn kayna\u011f\u0131nda oku<\/a><\/p>\n","protected":false},"excerpt":{"rendered":"<p>Girne a\u00e7\u0131klar\u0131nda alabora olan ve 267 ki\u015fiyi ta\u015f\u0131yan feribottaki 241 ki\u015fi kurtar\u0131ld\u0131, 8 ki\u015fi hayat\u0131n\u0131 kaybetti. 18 ki\u015fi i\u00e7in arama kurtarma \u00e7al\u0131\u015fmalar\u0131 s\u00fcr\u00fcyor. Arama \u00e7al\u0131\u015fmalar\u0131 T\u00fcrkiye&#8217;den giden 2 \u0130HA ve bir casa\u2026<\/p>\n","protected":false},"author":0,"featured_media":2155,"comment_status":"closed","ping_status":"closed","sticky":false,"template":"","format":"standard","meta":{"footnotes":""},"categories":[2],"tags":[],"class_list":["post-2154","post","type-post","status-publish","format-standard","has-post-thumbnail","hentry","category-gundem"],"blocksy_meta":{"styles_descriptor":{"styles":{"desktop":"","tablet":"","mobile":""},"google_fonts":[],"version":7}},"_links":{"self":[{"href":"https:\/\/adaletdosyasi.com\/index.php\/wp-json\/wp\/v2\/posts\/2154","targetHints":{"allow":["GET"]}}],"collection":[{"href":"https:\/\/adaletdosyasi.com\/index.php\/wp-json\/wp\/v2\/posts"}],"about":[{"href":"https:\/\/adaletdosyasi.com\/index.php\/wp-json\/wp\/v2\/types\/post"}],"replies":[{"embeddable":true,"href":"https:\/\/adaletdosyasi.com\/index.php\/wp-json\/wp\/v2\/comments?post=2154"}],"version-history":[{"count":0,"href":"https:\/\/adaletdosyasi.com\/index.php\/wp-json\/wp\/v2\/posts\/2154\/revisions"}],"wp:featuredmedia":[{"embeddable":true,"href":"https:\/\/adaletdosyasi.com\/index.php\/wp-json\/wp\/v2\/media\/2155"}],"wp:attachment":[{"href":"https:\/\/adaletdosyasi.com\/index.php\/wp-json\/wp\/v2\/media?parent=2154"}],"wp:term":[{"taxonomy":"category","embeddable":true,"href":"https:\/\/adaletdosyasi.com\/index.php\/wp-json\/wp\/v2\/categories?post=2154"},{"taxonomy":"post_tag","embeddable":true,"href":"https:\/\/adaletdosyasi.com\/index.php\/wp-json\/wp\/v2\/tags?post=2154"}],"curies":[{"name":"wp","href":"https:\/\/api.w.org\/{rel}","templated":true}]}}