{"id":2134,"date":"2026-08-31T15:03:45","date_gmt":"2026-08-31T12:03:45","guid":{"rendered":"https:\/\/adaletdosyasi.com\/index.php\/ekonomi\/turkiye-ekonomisi-yilin-ikinci-ceyreginde-yuzde-23-buyudu\/"},"modified":"2026-08-31T15:03:45","modified_gmt":"2026-08-31T12:03:45","slug":"turkiye-ekonomisi-yilin-ikinci-ceyreginde-yuzde-23-buyudu","status":"publish","type":"post","link":"https:\/\/adaletdosyasi.com\/index.php\/ekonomi\/turkiye-ekonomisi-yilin-ikinci-ceyreginde-yuzde-23-buyudu\/","title":{"rendered":"T\u00fcrkiye ekonomisi y\u0131l\u0131n ikinci \u00e7eyre\u011finde y\u00fczde 2,3 b\u00fcy\u00fcd\u00fc"},"content":{"rendered":"<p>T\u00fcrkiye ekonomisi y\u0131l\u0131n ikinci \u00e7eyre\u011finde y\u00fczde 2,3 b\u00fcy\u00fcme g\u00f6sterdi. B\u00f6ylece aral\u0131ks\u0131z b\u00fcy\u00fcme serisi 24&#039;\u00fcnc\u00fc \u00e7eyre\u011fe ta\u015f\u0131nm\u0131\u015f oldu.<\/p>\n<p><strong>Kaynak:<\/strong> TRT Haber \u2014 <a href=\"https:\/\/www.trthaber.com\/haber\/ekonomi\/turkiye-ekonomisi-yilin-ikinci-ceyreginde-yuzde-23-buyudu-955426.html\" target=\"_blank\" rel=\"nofollow noopener\">Haberin devam\u0131n\u0131 \u00f6zg\u00fcn kayna\u011f\u0131nda oku<\/a><\/p>\n","protected":false},"excerpt":{"rendered":"<p>T\u00fcrkiye ekonomisi y\u0131l\u0131n ikinci \u00e7eyre\u011finde y\u00fczde 2,3 b\u00fcy\u00fcme g\u00f6sterdi. B\u00f6ylece aral\u0131ks\u0131z b\u00fcy\u00fcme serisi 24&#8217;\u00fcnc\u00fc \u00e7eyre\u011fe ta\u015f\u0131nm\u0131\u015f oldu.<\/p>\n","protected":false},"author":0,"featured_media":2135,"comment_status":"closed","ping_status":"closed","sticky":false,"template":"","format":"standard","meta":{"footnotes":""},"categories":[6],"tags":[],"class_list":["post-2134","post","type-post","status-publish","format-standard","has-post-thumbnail","hentry","category-ekonomi"],"blocksy_meta":{"styles_descriptor":{"styles":{"desktop":"","tablet":"","mobile":""},"google_fonts":[],"version":7}},"_links":{"self":[{"href":"https:\/\/adaletdosyasi.com\/index.php\/wp-json\/wp\/v2\/posts\/2134","targetHints":{"allow":["GET"]}}],"collection":[{"href":"https:\/\/adaletdosyasi.com\/index.php\/wp-json\/wp\/v2\/posts"}],"about":[{"href":"https:\/\/adaletdosyasi.com\/index.php\/wp-json\/wp\/v2\/types\/post"}],"replies":[{"embeddable":true,"href":"https:\/\/adaletdosyasi.com\/index.php\/wp-json\/wp\/v2\/comments?post=2134"}],"version-history":[{"count":0,"href":"https:\/\/adaletdosyasi.com\/index.php\/wp-json\/wp\/v2\/posts\/2134\/revisions"}],"wp:featuredmedia":[{"embeddable":true,"href":"https:\/\/adaletdosyasi.com\/index.php\/wp-json\/wp\/v2\/media\/2135"}],"wp:attachment":[{"href":"https:\/\/adaletdosyasi.com\/index.php\/wp-json\/wp\/v2\/media?parent=2134"}],"wp:term":[{"taxonomy":"category","embeddable":true,"href":"https:\/\/adaletdosyasi.com\/index.php\/wp-json\/wp\/v2\/categories?post=2134"},{"taxonomy":"post_tag","embeddable":true,"href":"https:\/\/adaletdosyasi.com\/index.php\/wp-json\/wp\/v2\/tags?post=2134"}],"curies":[{"name":"wp","href":"https:\/\/api.w.org\/{rel}","templated":true}]}}