{"id":2108,"date":"2026-08-31T08:06:26","date_gmt":"2026-08-31T05:06:26","guid":{"rendered":"https:\/\/adaletdosyasi.com\/index.php\/gundem\/girne-aciklarinda-batan-gemiye-iliskin-8-kisi-gozaltina-alindi\/"},"modified":"2026-08-31T08:06:26","modified_gmt":"2026-08-31T05:06:26","slug":"girne-aciklarinda-batan-gemiye-iliskin-8-kisi-gozaltina-alindi","status":"publish","type":"post","link":"https:\/\/adaletdosyasi.com\/index.php\/gundem\/girne-aciklarinda-batan-gemiye-iliskin-8-kisi-gozaltina-alindi\/","title":{"rendered":"Girne a\u00e7\u0131klar\u0131nda batan gemiye ili\u015fkin 8 ki\u015fi g\u00f6zalt\u0131na al\u0131nd\u0131"},"content":{"rendered":"<p>KKTC Ba\u015fbakan\u0131 \u00dcnal \u00dcstel, Girne a\u00e7\u0131klar\u0131nda alabora olan yolcu gemisiyle ilgili y\u00fcr\u00fctt\u00fckleri soru\u015fturmada, gemi kaptan\u0131 ve 7 g\u00f6revlinin g\u00f6zalt\u0131na al\u0131nd\u0131\u011f\u0131n\u0131 belirtti.<\/p>\n<p><strong>Kaynak:<\/strong> TRT Haber \u2014 <a href=\"https:\/\/www.trthaber.com\/haber\/gundem\/girne-aciklarinda-batan-gemiye-iliskin-8-kisi-gozaltina-alindi-955384.html\" target=\"_blank\" rel=\"nofollow noopener\">Haberin devam\u0131n\u0131 \u00f6zg\u00fcn kayna\u011f\u0131nda oku<\/a><\/p>\n","protected":false},"excerpt":{"rendered":"<p>KKTC Ba\u015fbakan\u0131 \u00dcnal \u00dcstel, Girne a\u00e7\u0131klar\u0131nda alabora olan yolcu gemisiyle ilgili y\u00fcr\u00fctt\u00fckleri soru\u015fturmada, gemi kaptan\u0131 ve 7 g\u00f6revlinin g\u00f6zalt\u0131na al\u0131nd\u0131\u011f\u0131n\u0131 belirtti.<\/p>\n","protected":false},"author":0,"featured_media":2109,"comment_status":"closed","ping_status":"closed","sticky":false,"template":"","format":"standard","meta":{"footnotes":""},"categories":[2],"tags":[],"class_list":["post-2108","post","type-post","status-publish","format-standard","has-post-thumbnail","hentry","category-gundem"],"blocksy_meta":{"styles_descriptor":{"styles":{"desktop":"","tablet":"","mobile":""},"google_fonts":[],"version":7}},"_links":{"self":[{"href":"https:\/\/adaletdosyasi.com\/index.php\/wp-json\/wp\/v2\/posts\/2108","targetHints":{"allow":["GET"]}}],"collection":[{"href":"https:\/\/adaletdosyasi.com\/index.php\/wp-json\/wp\/v2\/posts"}],"about":[{"href":"https:\/\/adaletdosyasi.com\/index.php\/wp-json\/wp\/v2\/types\/post"}],"replies":[{"embeddable":true,"href":"https:\/\/adaletdosyasi.com\/index.php\/wp-json\/wp\/v2\/comments?post=2108"}],"version-history":[{"count":0,"href":"https:\/\/adaletdosyasi.com\/index.php\/wp-json\/wp\/v2\/posts\/2108\/revisions"}],"wp:featuredmedia":[{"embeddable":true,"href":"https:\/\/adaletdosyasi.com\/index.php\/wp-json\/wp\/v2\/media\/2109"}],"wp:attachment":[{"href":"https:\/\/adaletdosyasi.com\/index.php\/wp-json\/wp\/v2\/media?parent=2108"}],"wp:term":[{"taxonomy":"category","embeddable":true,"href":"https:\/\/adaletdosyasi.com\/index.php\/wp-json\/wp\/v2\/categories?post=2108"},{"taxonomy":"post_tag","embeddable":true,"href":"https:\/\/adaletdosyasi.com\/index.php\/wp-json\/wp\/v2\/tags?post=2108"}],"curies":[{"name":"wp","href":"https:\/\/api.w.org\/{rel}","templated":true}]}}