{"id":2102,"date":"2026-08-31T05:05:38","date_gmt":"2026-08-31T02:05:38","guid":{"rendered":"https:\/\/adaletdosyasi.com\/index.php\/gundem\/istanbulda-korkutan-kaza-damper-aracin-uzerine-devrildi\/"},"modified":"2026-08-31T05:05:38","modified_gmt":"2026-08-31T02:05:38","slug":"istanbulda-korkutan-kaza-damper-aracin-uzerine-devrildi","status":"publish","type":"post","link":"https:\/\/adaletdosyasi.com\/index.php\/gundem\/istanbulda-korkutan-kaza-damper-aracin-uzerine-devrildi\/","title":{"rendered":"\u0130stanbul&#039;da korkutan kaza: Damper arac\u0131n \u00fczerine devrildi"},"content":{"rendered":"<p>\u0130stanbul Ka\u011f\u0131thane\u2019de kald\u0131r\u0131m \u00e7al\u0131\u015fmas\u0131 yap\u0131lan alana kum getiren hafriyat kamyonunun damperi, y\u00fck bo\u015falt\u0131ld\u0131\u011f\u0131 s\u0131rada yan yatarak park halindeki arac\u0131n \u00fczerine devrildi. Kazada yaralanan olmazken, ara\u00e7ta hasar meydana geldi.<\/p>\n<p><strong>Kaynak:<\/strong> TRT Haber \u2014 <a href=\"https:\/\/www.trthaber.com\/haber\/turkiye\/istanbulda-korkutan-kaza-damper-aracin-uzerine-devrildi-955365.html\" target=\"_blank\" rel=\"nofollow noopener\">Haberin devam\u0131n\u0131 \u00f6zg\u00fcn kayna\u011f\u0131nda oku<\/a><\/p>\n","protected":false},"excerpt":{"rendered":"<p>\u0130stanbul Ka\u011f\u0131thane\u2019de kald\u0131r\u0131m \u00e7al\u0131\u015fmas\u0131 yap\u0131lan alana kum getiren hafriyat kamyonunun damperi, y\u00fck bo\u015falt\u0131ld\u0131\u011f\u0131 s\u0131rada yan yatarak park halindeki arac\u0131n \u00fczerine devrildi. Kazada yaralanan olmazken, ara\u00e7ta hasar meydana geldi.<\/p>\n","protected":false},"author":0,"featured_media":2103,"comment_status":"closed","ping_status":"closed","sticky":false,"template":"","format":"standard","meta":{"footnotes":""},"categories":[2],"tags":[],"class_list":["post-2102","post","type-post","status-publish","format-standard","has-post-thumbnail","hentry","category-gundem"],"blocksy_meta":{"styles_descriptor":{"styles":{"desktop":"","tablet":"","mobile":""},"google_fonts":[],"version":7}},"_links":{"self":[{"href":"https:\/\/adaletdosyasi.com\/index.php\/wp-json\/wp\/v2\/posts\/2102","targetHints":{"allow":["GET"]}}],"collection":[{"href":"https:\/\/adaletdosyasi.com\/index.php\/wp-json\/wp\/v2\/posts"}],"about":[{"href":"https:\/\/adaletdosyasi.com\/index.php\/wp-json\/wp\/v2\/types\/post"}],"replies":[{"embeddable":true,"href":"https:\/\/adaletdosyasi.com\/index.php\/wp-json\/wp\/v2\/comments?post=2102"}],"version-history":[{"count":0,"href":"https:\/\/adaletdosyasi.com\/index.php\/wp-json\/wp\/v2\/posts\/2102\/revisions"}],"wp:featuredmedia":[{"embeddable":true,"href":"https:\/\/adaletdosyasi.com\/index.php\/wp-json\/wp\/v2\/media\/2103"}],"wp:attachment":[{"href":"https:\/\/adaletdosyasi.com\/index.php\/wp-json\/wp\/v2\/media?parent=2102"}],"wp:term":[{"taxonomy":"category","embeddable":true,"href":"https:\/\/adaletdosyasi.com\/index.php\/wp-json\/wp\/v2\/categories?post=2102"},{"taxonomy":"post_tag","embeddable":true,"href":"https:\/\/adaletdosyasi.com\/index.php\/wp-json\/wp\/v2\/tags?post=2102"}],"curies":[{"name":"wp","href":"https:\/\/api.w.org\/{rel}","templated":true}]}}